{"id":981,"date":"2021-11-29T11:56:45","date_gmt":"2021-11-29T11:56:45","guid":{"rendered":"https:\/\/erasmus-esl.pt\/BussolaEstudantil\/?p=981"},"modified":"2021-11-29T11:56:45","modified_gmt":"2021-11-29T11:56:45","slug":"el-silbon-outras-versoes-da-lenda-venezuelana","status":"publish","type":"post","link":"https:\/\/erasmus-esl.pt\/BussolaEstudantil\/blog\/2021\/11\/29\/el-silbon-outras-versoes-da-lenda-venezuelana\/","title":{"rendered":"El Silb\u00f3n, outras vers\u00f5es da lenda venezuelana"},"content":{"rendered":"\n<figure class=\"wp-block-image size-large\"><img loading=\"lazy\" decoding=\"async\" width=\"1024\" height=\"1024\" src=\"https:\/\/erasmus-esl.pt\/BussolaEstudantil\/wp-content\/uploads\/2021\/11\/El-silbon_2.jpg\" alt=\"\" class=\"wp-image-982\" srcset=\"https:\/\/erasmus-esl.pt\/BussolaEstudantil\/wp-content\/uploads\/2021\/11\/El-silbon_2.jpg 1024w, https:\/\/erasmus-esl.pt\/BussolaEstudantil\/wp-content\/uploads\/2021\/11\/El-silbon_2-300x300.jpg 300w, https:\/\/erasmus-esl.pt\/BussolaEstudantil\/wp-content\/uploads\/2021\/11\/El-silbon_2-150x150.jpg 150w, https:\/\/erasmus-esl.pt\/BussolaEstudantil\/wp-content\/uploads\/2021\/11\/El-silbon_2-768x768.jpg 768w\" sizes=\"auto, (max-width: 1024px) 100vw, 1024px\" \/><\/figure>\n\n\n\n<p><em>El Silb\u00f3n<\/em>\u00a0\u00e9 uma lenda venezuelana que retorna ao podcast <em>Contos Tradicionais de todo o Mundo<\/em>. <br><br>Desta vez, foi Ignacio Diaz , aluno do 10.\u00ba ano do Curso profissional de T\u00e9cnico de Design de Comunica\u00e7\u00e3o Gr\u00e1fica, quem aceitou o desafio da Biblioteca da Escola Secund\u00e1ria de Loul\u00e9.<br> O Ignacio Diaz apresenta-nos duas novas variantes desta lenda, em espanhol e portugu\u00eas , no quinto epis\u00f3dio do nosso podcast.<br><br><\/p>\n\n\n\n<figure class=\"wp-block-embed-soundcloud wp-block-embed is-type-rich is-provider-soundcloud wp-embed-aspect-4-3 wp-has-aspect-ratio\"><div class=\"wp-block-embed__wrapper\">\n<iframe loading=\"lazy\" title=\"Contos tradicionais de todo mundo 5 - El Silb\u00f3n, por Ignacio Diaz by B\u00fassola Estudantil\" width=\"640\" height=\"400\" scrolling=\"no\" frameborder=\"no\" src=\"https:\/\/w.soundcloud.com\/player\/?visual=true&#038;url=https%3A%2F%2Fapi.soundcloud.com%2Ftracks%2F1165197238&#038;show_artwork=true&#038;maxheight=960&#038;maxwidth=640\"><\/iframe>\n<\/div><\/figure>\n<div class=\"pvc_clear\"><\/div><p id=\"pvc_stats_981\" class=\"pvc_stats all  \" data-element-id=\"981\" style=\"\"><i class=\"pvc-stats-icon medium\" aria-hidden=\"true\"><svg aria-hidden=\"true\" focusable=\"false\" data-prefix=\"far\" data-icon=\"chart-bar\" role=\"img\" xmlns=\"http:\/\/www.w3.org\/2000\/svg\" viewBox=\"0 0 512 512\" class=\"svg-inline--fa fa-chart-bar fa-w-16 fa-2x\"><path fill=\"currentColor\" d=\"M396.8 352h22.4c6.4 0 12.8-6.4 12.8-12.8V108.8c0-6.4-6.4-12.8-12.8-12.8h-22.4c-6.4 0-12.8 6.4-12.8 12.8v230.4c0 6.4 6.4 12.8 12.8 12.8zm-192 0h22.4c6.4 0 12.8-6.4 12.8-12.8V140.8c0-6.4-6.4-12.8-12.8-12.8h-22.4c-6.4 0-12.8 6.4-12.8 12.8v198.4c0 6.4 6.4 12.8 12.8 12.8zm96 0h22.4c6.4 0 12.8-6.4 12.8-12.8V204.8c0-6.4-6.4-12.8-12.8-12.8h-22.4c-6.4 0-12.8 6.4-12.8 12.8v134.4c0 6.4 6.4 12.8 12.8 12.8zM496 400H48V80c0-8.84-7.16-16-16-16H16C7.16 64 0 71.16 0 80v336c0 17.67 14.33 32 32 32h464c8.84 0 16-7.16 16-16v-16c0-8.84-7.16-16-16-16zm-387.2-48h22.4c6.4 0 12.8-6.4 12.8-12.8v-70.4c0-6.4-6.4-12.8-12.8-12.8h-22.4c-6.4 0-12.8 6.4-12.8 12.8v70.4c0 6.4 6.4 12.8 12.8 12.8z\" class=\"\"><\/path><\/svg><\/i> <img loading=\"lazy\" decoding=\"async\" width=\"16\" height=\"16\" alt=\"Loading\" src=\"https:\/\/erasmus-esl.pt\/BussolaEstudantil\/wp-content\/plugins\/page-views-count\/ajax-loader-2x.gif\" border=0 \/><\/p><div class=\"pvc_clear\"><\/div>","protected":false},"excerpt":{"rendered":"<p>El Silb\u00f3n\u00a0\u00e9 uma lenda venezuelana que retorna ao podcast Contos Tradicionais de todo o Mundo. Desta vez, foi Ignacio Diaz , aluno do 10.\u00ba ano do Curso profissional de T\u00e9cnico de Design de Comunica\u00e7\u00e3o Gr\u00e1fica, quem aceitou o desafio da Biblioteca da Escola Secund\u00e1ria de Loul\u00e9. O Ignacio Diaz apresenta-nos duas novas variantes desta lenda, [&hellip;]<\/p>\n<div class=\"pvc_clear\"><\/div>\n<p id=\"pvc_stats_981\" class=\"pvc_stats all  \" data-element-id=\"981\" style=\"\"><i class=\"pvc-stats-icon medium\" aria-hidden=\"true\"><svg aria-hidden=\"true\" focusable=\"false\" data-prefix=\"far\" data-icon=\"chart-bar\" role=\"img\" xmlns=\"http:\/\/www.w3.org\/2000\/svg\" viewBox=\"0 0 512 512\" class=\"svg-inline--fa fa-chart-bar fa-w-16 fa-2x\"><path fill=\"currentColor\" d=\"M396.8 352h22.4c6.4 0 12.8-6.4 12.8-12.8V108.8c0-6.4-6.4-12.8-12.8-12.8h-22.4c-6.4 0-12.8 6.4-12.8 12.8v230.4c0 6.4 6.4 12.8 12.8 12.8zm-192 0h22.4c6.4 0 12.8-6.4 12.8-12.8V140.8c0-6.4-6.4-12.8-12.8-12.8h-22.4c-6.4 0-12.8 6.4-12.8 12.8v198.4c0 6.4 6.4 12.8 12.8 12.8zm96 0h22.4c6.4 0 12.8-6.4 12.8-12.8V204.8c0-6.4-6.4-12.8-12.8-12.8h-22.4c-6.4 0-12.8 6.4-12.8 12.8v134.4c0 6.4 6.4 12.8 12.8 12.8zM496 400H48V80c0-8.84-7.16-16-16-16H16C7.16 64 0 71.16 0 80v336c0 17.67 14.33 32 32 32h464c8.84 0 16-7.16 16-16v-16c0-8.84-7.16-16-16-16zm-387.2-48h22.4c6.4 0 12.8-6.4 12.8-12.8v-70.4c0-6.4-6.4-12.8-12.8-12.8h-22.4c-6.4 0-12.8 6.4-12.8 12.8v70.4c0 6.4 6.4 12.8 12.8 12.8z\" class=\"\"><\/path><\/svg><\/i> <img loading=\"lazy\" decoding=\"async\" width=\"16\" height=\"16\" alt=\"Loading\" src=\"https:\/\/erasmus-esl.pt\/BussolaEstudantil\/wp-content\/plugins\/page-views-count\/ajax-loader-2x.gif\" border=0 \/><\/p>\n<div class=\"pvc_clear\"><\/div>\n","protected":false},"author":1,"featured_media":982,"comment_status":"open","ping_status":"open","sticky":false,"template":"","format":"standard","meta":{"footnotes":""},"categories":[31,9],"tags":[],"class_list":["post-981","post","type-post","status-publish","format-standard","has-post-thumbnail","hentry","category-contos-e-lendas-de-todo-o-mundo","category-podcasts"],"_links":{"self":[{"href":"https:\/\/erasmus-esl.pt\/BussolaEstudantil\/wp-json\/wp\/v2\/posts\/981","targetHints":{"allow":["GET"]}}],"collection":[{"href":"https:\/\/erasmus-esl.pt\/BussolaEstudantil\/wp-json\/wp\/v2\/posts"}],"about":[{"href":"https:\/\/erasmus-esl.pt\/BussolaEstudantil\/wp-json\/wp\/v2\/types\/post"}],"author":[{"embeddable":true,"href":"https:\/\/erasmus-esl.pt\/BussolaEstudantil\/wp-json\/wp\/v2\/users\/1"}],"replies":[{"embeddable":true,"href":"https:\/\/erasmus-esl.pt\/BussolaEstudantil\/wp-json\/wp\/v2\/comments?post=981"}],"version-history":[{"count":-3,"href":"https:\/\/erasmus-esl.pt\/BussolaEstudantil\/wp-json\/wp\/v2\/posts\/981\/revisions"}],"wp:featuredmedia":[{"embeddable":true,"href":"https:\/\/erasmus-esl.pt\/BussolaEstudantil\/wp-json\/wp\/v2\/media\/982"}],"wp:attachment":[{"href":"https:\/\/erasmus-esl.pt\/BussolaEstudantil\/wp-json\/wp\/v2\/media?parent=981"}],"wp:term":[{"taxonomy":"category","embeddable":true,"href":"https:\/\/erasmus-esl.pt\/BussolaEstudantil\/wp-json\/wp\/v2\/categories?post=981"},{"taxonomy":"post_tag","embeddable":true,"href":"https:\/\/erasmus-esl.pt\/BussolaEstudantil\/wp-json\/wp\/v2\/tags?post=981"}],"curies":[{"name":"wp","href":"https:\/\/api.w.org\/{rel}","templated":true}]}}