{"id":4916,"date":"2026-04-30T17:51:34","date_gmt":"2026-04-30T17:51:34","guid":{"rendered":"https:\/\/erasmus-esl.pt\/BussolaEstudantil\/?p=4916"},"modified":"2026-04-30T17:51:56","modified_gmt":"2026-04-30T17:51:56","slug":"afetos-livros-e-bolos-encontros-abertos-a-comunidade-na-esl","status":"publish","type":"post","link":"https:\/\/erasmus-esl.pt\/BussolaEstudantil\/blog\/2026\/04\/30\/afetos-livros-e-bolos-encontros-abertos-a-comunidade-na-esl\/","title":{"rendered":"Afetos, livros\u00a0 e bolos &#8211; encontros abertos \u00e0 comunidade na ESL"},"content":{"rendered":"\n<figure class=\"wp-block-gallery has-nested-images columns-default is-cropped wp-block-gallery-1 is-layout-flex wp-block-gallery-is-layout-flex\">\n<figure class=\"wp-block-image size-large is-style-default\"><img loading=\"lazy\" decoding=\"async\" width=\"1024\" height=\"683\" data-id=\"4917\" src=\"https:\/\/erasmus-esl.pt\/BussolaEstudantil\/wp-content\/uploads\/2026\/04\/afetos-livros-e-bolos-2-1024x683.jpg\" alt=\"\" class=\"wp-image-4917\" srcset=\"https:\/\/erasmus-esl.pt\/BussolaEstudantil\/wp-content\/uploads\/2026\/04\/afetos-livros-e-bolos-2-1024x683.jpg 1024w, https:\/\/erasmus-esl.pt\/BussolaEstudantil\/wp-content\/uploads\/2026\/04\/afetos-livros-e-bolos-2-300x200.jpg 300w, https:\/\/erasmus-esl.pt\/BussolaEstudantil\/wp-content\/uploads\/2026\/04\/afetos-livros-e-bolos-2-768x512.jpg 768w, https:\/\/erasmus-esl.pt\/BussolaEstudantil\/wp-content\/uploads\/2026\/04\/afetos-livros-e-bolos-2.jpg 1536w\" sizes=\"auto, (max-width: 1024px) 100vw, 1024px\" \/><figcaption class=\"wp-element-caption\">\u00abAfetos, livros\u00a0 e bolos\u00bb  num compasso de espera, enquanto se esperava a chegada de mais participante e o inicio das conversas<\/figcaption><\/figure>\n<\/figure>\n\n\n\n<p>\u201cOnde h\u00e1 livros, h\u00e1 sonhos \u2014 e onde h\u00e1 partilha, h\u00e1 crescimento.\u201d&nbsp;&nbsp;<\/p>\n\n\n\n<p>No dia 16 de abril, pelas 17h15, decorreu no espa\u00e7o da Biblioteca Escolar da ESL, \u00a0o primeiro encontro do projeto \u201cAfetos, livros\u00a0 e bolos\u201d.\u00a0 Sendo um projeto aberto a toda a comunidade educativa, estiveram presentes nesta primeira sess\u00e3o, \u00a0vinte e dois elementos, incluindo professores de v\u00e1rias \u00e1reas disciplinares, uma aluna e um elemento da comunidade. <br>O projeto teve ainda a colabora\u00e7\u00e3o das professoras Carla Janeiro e Maria Margarida Rodrigues e dos seus alunos na confec\u00e7\u00e3o\u00a0e apresenta\u00e7\u00e3o de um buffet. \u00a0\u00a0<\/p>\n\n\n\n<figure class=\"wp-block-image size-large\"><img loading=\"lazy\" decoding=\"async\" width=\"1024\" height=\"683\" src=\"https:\/\/erasmus-esl.pt\/BussolaEstudantil\/wp-content\/uploads\/2026\/04\/afetos-livros-e-bolos-1-1024x683.jpg\" alt=\"\" class=\"wp-image-4918\" srcset=\"https:\/\/erasmus-esl.pt\/BussolaEstudantil\/wp-content\/uploads\/2026\/04\/afetos-livros-e-bolos-1-1024x683.jpg 1024w, https:\/\/erasmus-esl.pt\/BussolaEstudantil\/wp-content\/uploads\/2026\/04\/afetos-livros-e-bolos-1-300x200.jpg 300w, https:\/\/erasmus-esl.pt\/BussolaEstudantil\/wp-content\/uploads\/2026\/04\/afetos-livros-e-bolos-1-768x512.jpg 768w, https:\/\/erasmus-esl.pt\/BussolaEstudantil\/wp-content\/uploads\/2026\/04\/afetos-livros-e-bolos-1.jpg 1536w\" sizes=\"auto, (max-width: 1024px) 100vw, 1024px\" \/><\/figure>\n\n\n\n<p>Neste primeiro encontro, os presentes falaram da sua rela\u00e7\u00e3o com a Leitura, e de obras que os marcaram ou que est\u00e3o presentemente a ler. Falou-se de obras que v\u00e3o de &#8220;Dois anos de f\u00e9rias&#8221;, de J\u00falio Verne, a &#8220;A analfabeta&#8221;, de Agota Kristof, passando por &#8220;Pensar como um Fil\u00f3sofo&#8221;, de Julian Baggini, &#8220;\u00d3scar e a Senhora Cor-de-Rosa&#8221;, de Eric-Emmanuel Schmitt, &#8220;Not\u00edcias de lugar nenhum&#8221;, de William Morris, &#8220;Against Elections &#8211; The Case for Democracy&#8221;. de David Van Reybrouck, &#8220;A sociedade aberta e seus inimigos&#8221;, de Karl Popper, &#8220;Rebentar&#8221;, de Rafael Gallo, entre outras.<\/p>\n\n\n\n<figure class=\"wp-block-gallery has-nested-images columns-default is-cropped wp-block-gallery-2 is-layout-flex wp-block-gallery-is-layout-flex\">\n<figure class=\"wp-block-image size-large\"><img loading=\"lazy\" decoding=\"async\" width=\"683\" height=\"1024\" data-id=\"4919\" src=\"https:\/\/erasmus-esl.pt\/BussolaEstudantil\/wp-content\/uploads\/2026\/04\/afetos-livros-e-bolos-3_vertical-683x1024.jpg\" alt=\"\" class=\"wp-image-4919\" srcset=\"https:\/\/erasmus-esl.pt\/BussolaEstudantil\/wp-content\/uploads\/2026\/04\/afetos-livros-e-bolos-3_vertical-683x1024.jpg 683w, https:\/\/erasmus-esl.pt\/BussolaEstudantil\/wp-content\/uploads\/2026\/04\/afetos-livros-e-bolos-3_vertical-200x300.jpg 200w, https:\/\/erasmus-esl.pt\/BussolaEstudantil\/wp-content\/uploads\/2026\/04\/afetos-livros-e-bolos-3_vertical-768x1152.jpg 768w, https:\/\/erasmus-esl.pt\/BussolaEstudantil\/wp-content\/uploads\/2026\/04\/afetos-livros-e-bolos-3_vertical.jpg 1024w\" sizes=\"auto, (max-width: 683px) 100vw, 683px\" \/><\/figure>\n<\/figure>\n\n\n\n<figure class=\"wp-block-gallery has-nested-images columns-default is-cropped wp-block-gallery-3 is-layout-flex wp-block-gallery-is-layout-flex\">\n<figure class=\"wp-block-image size-large\"><img loading=\"lazy\" decoding=\"async\" width=\"683\" height=\"1024\" data-id=\"4923\" src=\"https:\/\/erasmus-esl.pt\/BussolaEstudantil\/wp-content\/uploads\/2026\/04\/afetos-livros-e-bolos-4-683x1024.jpg\" alt=\"\" class=\"wp-image-4923\" srcset=\"https:\/\/erasmus-esl.pt\/BussolaEstudantil\/wp-content\/uploads\/2026\/04\/afetos-livros-e-bolos-4-683x1024.jpg 683w, https:\/\/erasmus-esl.pt\/BussolaEstudantil\/wp-content\/uploads\/2026\/04\/afetos-livros-e-bolos-4-200x300.jpg 200w, https:\/\/erasmus-esl.pt\/BussolaEstudantil\/wp-content\/uploads\/2026\/04\/afetos-livros-e-bolos-4-768x1152.jpg 768w, https:\/\/erasmus-esl.pt\/BussolaEstudantil\/wp-content\/uploads\/2026\/04\/afetos-livros-e-bolos-4.jpg 1024w\" sizes=\"auto, (max-width: 683px) 100vw, 683px\" \/><\/figure>\n\n\n\n<figure class=\"wp-block-image size-large\"><img loading=\"lazy\" decoding=\"async\" width=\"683\" height=\"1024\" data-id=\"4922\" src=\"https:\/\/erasmus-esl.pt\/BussolaEstudantil\/wp-content\/uploads\/2026\/04\/afetos-livros-e-bolos-7-Verical-683x1024.jpg\" alt=\"\" class=\"wp-image-4922\" srcset=\"https:\/\/erasmus-esl.pt\/BussolaEstudantil\/wp-content\/uploads\/2026\/04\/afetos-livros-e-bolos-7-Verical-683x1024.jpg 683w, https:\/\/erasmus-esl.pt\/BussolaEstudantil\/wp-content\/uploads\/2026\/04\/afetos-livros-e-bolos-7-Verical-200x300.jpg 200w, https:\/\/erasmus-esl.pt\/BussolaEstudantil\/wp-content\/uploads\/2026\/04\/afetos-livros-e-bolos-7-Verical-768x1152.jpg 768w, https:\/\/erasmus-esl.pt\/BussolaEstudantil\/wp-content\/uploads\/2026\/04\/afetos-livros-e-bolos-7-Verical.jpg 1024w\" sizes=\"auto, (max-width: 683px) 100vw, 683px\" \/><\/figure>\n\n\n\n<figure class=\"wp-block-image size-large\"><img loading=\"lazy\" decoding=\"async\" width=\"683\" height=\"1024\" data-id=\"4921\" src=\"https:\/\/erasmus-esl.pt\/BussolaEstudantil\/wp-content\/uploads\/2026\/04\/afetos-livros-e-bolos-9-1-683x1024.jpg\" alt=\"\" class=\"wp-image-4921\" srcset=\"https:\/\/erasmus-esl.pt\/BussolaEstudantil\/wp-content\/uploads\/2026\/04\/afetos-livros-e-bolos-9-1-683x1024.jpg 683w, https:\/\/erasmus-esl.pt\/BussolaEstudantil\/wp-content\/uploads\/2026\/04\/afetos-livros-e-bolos-9-1-200x300.jpg 200w, https:\/\/erasmus-esl.pt\/BussolaEstudantil\/wp-content\/uploads\/2026\/04\/afetos-livros-e-bolos-9-1-768x1152.jpg 768w, https:\/\/erasmus-esl.pt\/BussolaEstudantil\/wp-content\/uploads\/2026\/04\/afetos-livros-e-bolos-9-1.jpg 1024w\" sizes=\"auto, (max-width: 683px) 100vw, 683px\" \/><\/figure>\n<\/figure>\n\n\n\n<figure class=\"wp-block-image size-large\"><img loading=\"lazy\" decoding=\"async\" width=\"1024\" height=\"683\" src=\"https:\/\/erasmus-esl.pt\/BussolaEstudantil\/wp-content\/uploads\/2026\/04\/afetos-livros-e-bolos-5-1-1024x683.jpg\" alt=\"\" class=\"wp-image-4926\" srcset=\"https:\/\/erasmus-esl.pt\/BussolaEstudantil\/wp-content\/uploads\/2026\/04\/afetos-livros-e-bolos-5-1-1024x683.jpg 1024w, https:\/\/erasmus-esl.pt\/BussolaEstudantil\/wp-content\/uploads\/2026\/04\/afetos-livros-e-bolos-5-1-300x200.jpg 300w, https:\/\/erasmus-esl.pt\/BussolaEstudantil\/wp-content\/uploads\/2026\/04\/afetos-livros-e-bolos-5-1-768x512.jpg 768w, https:\/\/erasmus-esl.pt\/BussolaEstudantil\/wp-content\/uploads\/2026\/04\/afetos-livros-e-bolos-5-1.jpg 1536w\" sizes=\"auto, (max-width: 1024px) 100vw, 1024px\" \/><\/figure>\n\n\n\n<figure class=\"wp-block-gallery has-nested-images columns-default is-cropped wp-block-gallery-4 is-layout-flex wp-block-gallery-is-layout-flex\">\n<figure class=\"wp-block-image size-large\"><img loading=\"lazy\" decoding=\"async\" width=\"1024\" height=\"683\" data-id=\"4927\" src=\"https:\/\/erasmus-esl.pt\/BussolaEstudantil\/wp-content\/uploads\/2026\/04\/afetos-livros-e-bolos-6-1-1024x683.jpg\" alt=\"\" class=\"wp-image-4927\" srcset=\"https:\/\/erasmus-esl.pt\/BussolaEstudantil\/wp-content\/uploads\/2026\/04\/afetos-livros-e-bolos-6-1-1024x683.jpg 1024w, https:\/\/erasmus-esl.pt\/BussolaEstudantil\/wp-content\/uploads\/2026\/04\/afetos-livros-e-bolos-6-1-300x200.jpg 300w, https:\/\/erasmus-esl.pt\/BussolaEstudantil\/wp-content\/uploads\/2026\/04\/afetos-livros-e-bolos-6-1-768x512.jpg 768w, https:\/\/erasmus-esl.pt\/BussolaEstudantil\/wp-content\/uploads\/2026\/04\/afetos-livros-e-bolos-6-1.jpg 1536w\" sizes=\"auto, (max-width: 1024px) 100vw, 1024px\" \/><\/figure>\n<\/figure>\n\n\n\n<p>Por decis\u00e3o dos presentes, o segundo &#8220;Afetos, livros\u00a0 e bolos&#8221; ir\u00e1 decorrer, quinta-feira, \u00a0dia 21 de maio, \u00e1s 17h15, na Biblioteca Escolar. Por comum acordo, o grupo decidiu apresentar como sugest\u00e3o de leitura, para o pr\u00f3ximo encontro, \u201cO pr\u00edncipe\u201d de Maquiavel e a obra \u201cKleist\u201d Michael Kohlhaas. Verificou-se por\u00e9m, posteriormente, que esta \u00faltima obra n\u00e3o est\u00e1 dispon\u00edvel no mercado e, nesse sentido, a docente Isabel Negr\u00e3o apresentou a proposta de leitura da obra\u00a0&#8220;A mais preciosa mercadoria&#8221; de Jean Claude Grumberg. <br>Assim, para o pr\u00f3ximo encontro est\u00e1 em aberto a leitura das duas obras: \u201c O princ\u00edpe\u201d e &#8220;A mais preciosa mercadoria&#8221;.<\/p>\n\n\n\n<p>\u00a0Convida-se toda a comunidade a participar no &#8220;Afetos, livros\u00a0 e bolos&#8221; do dia 21 de maio.<\/p>\n\n\n\n<hr class=\"wp-block-separator has-alpha-channel-opacity\"\/>\n\n\n\n<p class=\"has-small-font-size\">Texto de:<br><strong>Maria Helena Sousa<\/strong><br>Professora de Filosofia | Coordenadora dos Diretores de Turma dos Cursos Cientifico-Human\u00edsticos<br><strong>J\u00falio Ribeiro<\/strong><br>professor de Artes Visuais | professor bibliotec\u00e1rio<br><br>fotografias de:<br><strong>J\u00falio Ribeiro<\/strong><br>professor de Artes Visuais | professor bibliotec\u00e1rio<\/p>\n<div class=\"pvc_clear\"><\/div><p id=\"pvc_stats_4916\" class=\"pvc_stats all  \" data-element-id=\"4916\" style=\"\"><i class=\"pvc-stats-icon medium\" aria-hidden=\"true\"><svg aria-hidden=\"true\" focusable=\"false\" data-prefix=\"far\" data-icon=\"chart-bar\" role=\"img\" xmlns=\"http:\/\/www.w3.org\/2000\/svg\" viewBox=\"0 0 512 512\" class=\"svg-inline--fa fa-chart-bar fa-w-16 fa-2x\"><path fill=\"currentColor\" d=\"M396.8 352h22.4c6.4 0 12.8-6.4 12.8-12.8V108.8c0-6.4-6.4-12.8-12.8-12.8h-22.4c-6.4 0-12.8 6.4-12.8 12.8v230.4c0 6.4 6.4 12.8 12.8 12.8zm-192 0h22.4c6.4 0 12.8-6.4 12.8-12.8V140.8c0-6.4-6.4-12.8-12.8-12.8h-22.4c-6.4 0-12.8 6.4-12.8 12.8v198.4c0 6.4 6.4 12.8 12.8 12.8zm96 0h22.4c6.4 0 12.8-6.4 12.8-12.8V204.8c0-6.4-6.4-12.8-12.8-12.8h-22.4c-6.4 0-12.8 6.4-12.8 12.8v134.4c0 6.4 6.4 12.8 12.8 12.8zM496 400H48V80c0-8.84-7.16-16-16-16H16C7.16 64 0 71.16 0 80v336c0 17.67 14.33 32 32 32h464c8.84 0 16-7.16 16-16v-16c0-8.84-7.16-16-16-16zm-387.2-48h22.4c6.4 0 12.8-6.4 12.8-12.8v-70.4c0-6.4-6.4-12.8-12.8-12.8h-22.4c-6.4 0-12.8 6.4-12.8 12.8v70.4c0 6.4 6.4 12.8 12.8 12.8z\" class=\"\"><\/path><\/svg><\/i> <img loading=\"lazy\" decoding=\"async\" width=\"16\" height=\"16\" alt=\"Loading\" src=\"https:\/\/erasmus-esl.pt\/BussolaEstudantil\/wp-content\/plugins\/page-views-count\/ajax-loader-2x.gif\" border=0 \/><\/p><div class=\"pvc_clear\"><\/div>","protected":false},"excerpt":{"rendered":"<p>\u201cOnde h\u00e1 livros, h\u00e1 sonhos \u2014 e onde h\u00e1 partilha, h\u00e1 crescimento.\u201d&nbsp;&nbsp; No dia 16 de abril, pelas 17h15, decorreu no espa\u00e7o da Biblioteca Escolar da ESL, \u00a0o primeiro encontro do projeto \u201cAfetos, livros\u00a0 e bolos\u201d.\u00a0 Sendo um projeto aberto a toda a comunidade educativa, estiveram presentes nesta primeira sess\u00e3o, \u00a0vinte e dois elementos, incluindo [&hellip;]<\/p>\n<div class=\"pvc_clear\"><\/div>\n<p id=\"pvc_stats_4916\" class=\"pvc_stats all  \" data-element-id=\"4916\" style=\"\"><i class=\"pvc-stats-icon medium\" aria-hidden=\"true\"><svg aria-hidden=\"true\" focusable=\"false\" data-prefix=\"far\" data-icon=\"chart-bar\" role=\"img\" xmlns=\"http:\/\/www.w3.org\/2000\/svg\" viewBox=\"0 0 512 512\" class=\"svg-inline--fa fa-chart-bar fa-w-16 fa-2x\"><path fill=\"currentColor\" d=\"M396.8 352h22.4c6.4 0 12.8-6.4 12.8-12.8V108.8c0-6.4-6.4-12.8-12.8-12.8h-22.4c-6.4 0-12.8 6.4-12.8 12.8v230.4c0 6.4 6.4 12.8 12.8 12.8zm-192 0h22.4c6.4 0 12.8-6.4 12.8-12.8V140.8c0-6.4-6.4-12.8-12.8-12.8h-22.4c-6.4 0-12.8 6.4-12.8 12.8v198.4c0 6.4 6.4 12.8 12.8 12.8zm96 0h22.4c6.4 0 12.8-6.4 12.8-12.8V204.8c0-6.4-6.4-12.8-12.8-12.8h-22.4c-6.4 0-12.8 6.4-12.8 12.8v134.4c0 6.4 6.4 12.8 12.8 12.8zM496 400H48V80c0-8.84-7.16-16-16-16H16C7.16 64 0 71.16 0 80v336c0 17.67 14.33 32 32 32h464c8.84 0 16-7.16 16-16v-16c0-8.84-7.16-16-16-16zm-387.2-48h22.4c6.4 0 12.8-6.4 12.8-12.8v-70.4c0-6.4-6.4-12.8-12.8-12.8h-22.4c-6.4 0-12.8 6.4-12.8 12.8v70.4c0 6.4 6.4 12.8 12.8 12.8z\" class=\"\"><\/path><\/svg><\/i> <img loading=\"lazy\" decoding=\"async\" width=\"16\" height=\"16\" alt=\"Loading\" src=\"https:\/\/erasmus-esl.pt\/BussolaEstudantil\/wp-content\/plugins\/page-views-count\/ajax-loader-2x.gif\" border=0 \/><\/p>\n<div class=\"pvc_clear\"><\/div>\n","protected":false},"author":1,"featured_media":4929,"comment_status":"open","ping_status":"open","sticky":false,"template":"","format":"standard","meta":{"footnotes":""},"categories":[6,1],"tags":[27,40],"class_list":["post-4916","post","type-post","status-publish","format-standard","has-post-thumbnail","hentry","category-nos-por-ca","category-sugestoes","tag-educacao-literaria","tag-leitura"],"_links":{"self":[{"href":"https:\/\/erasmus-esl.pt\/BussolaEstudantil\/wp-json\/wp\/v2\/posts\/4916","targetHints":{"allow":["GET"]}}],"collection":[{"href":"https:\/\/erasmus-esl.pt\/BussolaEstudantil\/wp-json\/wp\/v2\/posts"}],"about":[{"href":"https:\/\/erasmus-esl.pt\/BussolaEstudantil\/wp-json\/wp\/v2\/types\/post"}],"author":[{"embeddable":true,"href":"https:\/\/erasmus-esl.pt\/BussolaEstudantil\/wp-json\/wp\/v2\/users\/1"}],"replies":[{"embeddable":true,"href":"https:\/\/erasmus-esl.pt\/BussolaEstudantil\/wp-json\/wp\/v2\/comments?post=4916"}],"version-history":[{"count":-4,"href":"https:\/\/erasmus-esl.pt\/BussolaEstudantil\/wp-json\/wp\/v2\/posts\/4916\/revisions"}],"wp:featuredmedia":[{"embeddable":true,"href":"https:\/\/erasmus-esl.pt\/BussolaEstudantil\/wp-json\/wp\/v2\/media\/4929"}],"wp:attachment":[{"href":"https:\/\/erasmus-esl.pt\/BussolaEstudantil\/wp-json\/wp\/v2\/media?parent=4916"}],"wp:term":[{"taxonomy":"category","embeddable":true,"href":"https:\/\/erasmus-esl.pt\/BussolaEstudantil\/wp-json\/wp\/v2\/categories?post=4916"},{"taxonomy":"post_tag","embeddable":true,"href":"https:\/\/erasmus-esl.pt\/BussolaEstudantil\/wp-json\/wp\/v2\/tags?post=4916"}],"curies":[{"name":"wp","href":"https:\/\/api.w.org\/{rel}","templated":true}]}}