{"id":4871,"date":"2026-04-27T10:57:49","date_gmt":"2026-04-27T10:57:49","guid":{"rendered":"https:\/\/erasmus-esl.pt\/BussolaEstudantil\/?p=4871"},"modified":"2026-04-27T10:57:50","modified_gmt":"2026-04-27T10:57:50","slug":"esl-premiada-na-3-a-conferencia-pormun-da-es-joao-de-deus","status":"publish","type":"post","link":"https:\/\/erasmus-esl.pt\/BussolaEstudantil\/blog\/2026\/04\/27\/esl-premiada-na-3-a-conferencia-pormun-da-es-joao-de-deus\/","title":{"rendered":"ESL premiada na 3.\u00aa Confer\u00eancia PORMUN da ES Jo\u00e3o de Deus"},"content":{"rendered":"\n<p class=\"has-drop-cap has-text-align-left has-medium-font-size\">A ESL foi distinguida com o 3.\u00ba pr\u00e9mio, uma men\u00e7\u00e3o honrosa e uma parte do<br>1.\u00ba Pr\u00e9mio da Confer\u00eancia PORMUN 2026, realizada na Escola Secund\u00e1ria Jo\u00e3o de Deus, em Faro.<\/p>\n\n\n\n<p class=\"has-text-align-left has-medium-font-size\">No passado dia 23 de abril,  os alunos do Clube de Rela\u00e7\u00f5es Internacionais da Escola Secund\u00e1ria de Loul\u00e9 participaram ativamente na realiza\u00e7\u00e3o da 3.\u00aa edi\u00e7\u00e3o da Confer\u00eancia PORMUN da ES Jo\u00e3o de Deus.<\/p>\n\n\n\n<figure class=\"wp-block-image size-large\"><img loading=\"lazy\" decoding=\"async\" width=\"1024\" height=\"576\" src=\"https:\/\/erasmus-esl.pt\/BussolaEstudantil\/wp-content\/uploads\/2026\/04\/1-1-1024x576.jpg\" alt=\"\" class=\"wp-image-4878\" srcset=\"https:\/\/erasmus-esl.pt\/BussolaEstudantil\/wp-content\/uploads\/2026\/04\/1-1-1024x576.jpg 1024w, https:\/\/erasmus-esl.pt\/BussolaEstudantil\/wp-content\/uploads\/2026\/04\/1-1-300x169.jpg 300w, https:\/\/erasmus-esl.pt\/BussolaEstudantil\/wp-content\/uploads\/2026\/04\/1-1-768x432.jpg 768w, https:\/\/erasmus-esl.pt\/BussolaEstudantil\/wp-content\/uploads\/2026\/04\/1-1-1536x865.jpg 1536w, https:\/\/erasmus-esl.pt\/BussolaEstudantil\/wp-content\/uploads\/2026\/04\/1-1-2048x1153.jpg 2048w\" sizes=\"auto, (max-width: 1024px) 100vw, 1024px\" \/><\/figure>\n\n\n\n<p class=\"has-text-align-left has-medium-font-size\">Os alunos da ESL foram distinguidos com o 3.\u00ba Pr\u00e9mio, designadamente as alunas Matilde Ferreira (11.\u00ba F), Matilde Ramos (11.\u00ba F) e Ana Nazar (12.\u00ba E), representando a equipa do Uruguai.<\/p>\n\n\n\n<figure class=\"wp-block-image size-large\"><img loading=\"lazy\" decoding=\"async\" width=\"1024\" height=\"576\" src=\"https:\/\/erasmus-esl.pt\/BussolaEstudantil\/wp-content\/uploads\/2026\/04\/6-1-1024x576.jpg\" alt=\"\" class=\"wp-image-4876\" srcset=\"https:\/\/erasmus-esl.pt\/BussolaEstudantil\/wp-content\/uploads\/2026\/04\/6-1-1024x576.jpg 1024w, https:\/\/erasmus-esl.pt\/BussolaEstudantil\/wp-content\/uploads\/2026\/04\/6-1-300x169.jpg 300w, https:\/\/erasmus-esl.pt\/BussolaEstudantil\/wp-content\/uploads\/2026\/04\/6-1-768x432.jpg 768w, https:\/\/erasmus-esl.pt\/BussolaEstudantil\/wp-content\/uploads\/2026\/04\/6-1-1536x865.jpg 1536w, https:\/\/erasmus-esl.pt\/BussolaEstudantil\/wp-content\/uploads\/2026\/04\/6-1-2048x1153.jpg 2048w\" sizes=\"auto, (max-width: 1024px) 100vw, 1024px\" \/><\/figure>\n\n\n\n<p class=\"has-text-align-left has-medium-font-size\">O aluno Rafael Mota (10.\u00ba Up) foi distinguido com uma Men\u00e7\u00e3o Honrosa, representando a equipa da Pol\u00f3nia. Devido \u00e0 not\u00e1vel presta\u00e7\u00e3o apresentada, o aluno Rafael Mota (10.\u00ba Up) foi tamb\u00e9m nomeado, pelo j\u00fari PORMUN, como coordenador dos alunos da ESL para as atividades da 4.\u00aa edi\u00e7\u00e3o da Confer\u00eancia PORMUN, em 2027.<\/p>\n\n\n\n<figure class=\"wp-block-image size-large\"><img loading=\"lazy\" decoding=\"async\" width=\"576\" height=\"1024\" src=\"https:\/\/erasmus-esl.pt\/BussolaEstudantil\/wp-content\/uploads\/2026\/04\/5-1-576x1024.jpg\" alt=\"\" class=\"wp-image-4877\" srcset=\"https:\/\/erasmus-esl.pt\/BussolaEstudantil\/wp-content\/uploads\/2026\/04\/5-1-576x1024.jpg 576w, https:\/\/erasmus-esl.pt\/BussolaEstudantil\/wp-content\/uploads\/2026\/04\/5-1-169x300.jpg 169w, https:\/\/erasmus-esl.pt\/BussolaEstudantil\/wp-content\/uploads\/2026\/04\/5-1-768x1364.jpg 768w, https:\/\/erasmus-esl.pt\/BussolaEstudantil\/wp-content\/uploads\/2026\/04\/5-1-865x1536.jpg 865w, https:\/\/erasmus-esl.pt\/BussolaEstudantil\/wp-content\/uploads\/2026\/04\/5-1-1153x2048.jpg 1153w, https:\/\/erasmus-esl.pt\/BussolaEstudantil\/wp-content\/uploads\/2026\/04\/5-1-scaled.jpg 1441w\" sizes=\"auto, (max-width: 576px) 100vw, 576px\" \/><\/figure>\n\n\n\n<p class=\"has-text-align-left has-medium-font-size\">A aluna Mariana Cardoso foi distinguida com o 1.\u00ba Pr\u00e9mio, por ter participado na equipa da \u00c1frica do Sul, vencedora do evento deste ano, e que foi constitu\u00edda conjuntamente pela aluna da ESL com alunas da ES Tom\u00e1s Cabreira, de Faro.<\/p>\n\n\n\n<figure class=\"wp-block-image size-large\"><img loading=\"lazy\" decoding=\"async\" width=\"1024\" height=\"576\" src=\"https:\/\/erasmus-esl.pt\/BussolaEstudantil\/wp-content\/uploads\/2026\/04\/2-1-1024x576.jpg\" alt=\"\" class=\"wp-image-4875\" srcset=\"https:\/\/erasmus-esl.pt\/BussolaEstudantil\/wp-content\/uploads\/2026\/04\/2-1-1024x576.jpg 1024w, https:\/\/erasmus-esl.pt\/BussolaEstudantil\/wp-content\/uploads\/2026\/04\/2-1-300x169.jpg 300w, https:\/\/erasmus-esl.pt\/BussolaEstudantil\/wp-content\/uploads\/2026\/04\/2-1-768x432.jpg 768w, https:\/\/erasmus-esl.pt\/BussolaEstudantil\/wp-content\/uploads\/2026\/04\/2-1-1536x865.jpg 1536w, https:\/\/erasmus-esl.pt\/BussolaEstudantil\/wp-content\/uploads\/2026\/04\/2-1-2048x1153.jpg 2048w\" sizes=\"auto, (max-width: 1024px) 100vw, 1024px\" \/><\/figure>\n\n\n\n<p class=\"has-text-align-left has-medium-font-size\">Acompanharam os alunos os professores Helder Louren\u00e7o e Maria Jo\u00e3o Viegas.<\/p>\n\n\n\n<figure class=\"wp-block-image size-large\"><img loading=\"lazy\" decoding=\"async\" width=\"1024\" height=\"576\" src=\"https:\/\/erasmus-esl.pt\/BussolaEstudantil\/wp-content\/uploads\/2026\/04\/3-1-1024x576.jpg\" alt=\"\" class=\"wp-image-4873\" srcset=\"https:\/\/erasmus-esl.pt\/BussolaEstudantil\/wp-content\/uploads\/2026\/04\/3-1-1024x576.jpg 1024w, https:\/\/erasmus-esl.pt\/BussolaEstudantil\/wp-content\/uploads\/2026\/04\/3-1-300x169.jpg 300w, https:\/\/erasmus-esl.pt\/BussolaEstudantil\/wp-content\/uploads\/2026\/04\/3-1-768x432.jpg 768w, https:\/\/erasmus-esl.pt\/BussolaEstudantil\/wp-content\/uploads\/2026\/04\/3-1-1536x865.jpg 1536w, https:\/\/erasmus-esl.pt\/BussolaEstudantil\/wp-content\/uploads\/2026\/04\/3-1-2048x1153.jpg 2048w\" sizes=\"auto, (max-width: 1024px) 100vw, 1024px\" \/><\/figure>\n\n\n\n<figure class=\"wp-block-image size-large\"><img loading=\"lazy\" decoding=\"async\" width=\"1024\" height=\"576\" src=\"https:\/\/erasmus-esl.pt\/BussolaEstudantil\/wp-content\/uploads\/2026\/04\/4-1-1024x576.jpg\" alt=\"\" class=\"wp-image-4874\" srcset=\"https:\/\/erasmus-esl.pt\/BussolaEstudantil\/wp-content\/uploads\/2026\/04\/4-1-1024x576.jpg 1024w, https:\/\/erasmus-esl.pt\/BussolaEstudantil\/wp-content\/uploads\/2026\/04\/4-1-300x169.jpg 300w, https:\/\/erasmus-esl.pt\/BussolaEstudantil\/wp-content\/uploads\/2026\/04\/4-1-768x432.jpg 768w, https:\/\/erasmus-esl.pt\/BussolaEstudantil\/wp-content\/uploads\/2026\/04\/4-1-1536x865.jpg 1536w, https:\/\/erasmus-esl.pt\/BussolaEstudantil\/wp-content\/uploads\/2026\/04\/4-1-2048x1153.jpg 2048w\" sizes=\"auto, (max-width: 1024px) 100vw, 1024px\" \/><\/figure>\n\n\n\n<hr class=\"wp-block-separator has-alpha-channel-opacity\"\/>\n\n\n\n<p>Texto e imagens de:<br><strong>H\u00e9lder Louren\u00e7o<\/strong>| Professor de Filosofia| Clube de Rela\u00e7\u00f5es Internacionais| Clube de Filosofia<br><strong>Maria Jo\u00e3o Viegas<\/strong>| Professora de Filosofia| Clube de Rela\u00e7\u00f5es Internacionais| Clube de Filosofia<\/p>\n\n\n\n<div style=\"height:80px\" aria-hidden=\"true\" class=\"wp-block-spacer\"><\/div>\n\n\n\n<p><\/p>\n<div class=\"pvc_clear\"><\/div><p id=\"pvc_stats_4871\" class=\"pvc_stats all  \" data-element-id=\"4871\" style=\"\"><i class=\"pvc-stats-icon medium\" aria-hidden=\"true\"><svg aria-hidden=\"true\" focusable=\"false\" data-prefix=\"far\" data-icon=\"chart-bar\" role=\"img\" xmlns=\"http:\/\/www.w3.org\/2000\/svg\" viewBox=\"0 0 512 512\" class=\"svg-inline--fa fa-chart-bar fa-w-16 fa-2x\"><path fill=\"currentColor\" d=\"M396.8 352h22.4c6.4 0 12.8-6.4 12.8-12.8V108.8c0-6.4-6.4-12.8-12.8-12.8h-22.4c-6.4 0-12.8 6.4-12.8 12.8v230.4c0 6.4 6.4 12.8 12.8 12.8zm-192 0h22.4c6.4 0 12.8-6.4 12.8-12.8V140.8c0-6.4-6.4-12.8-12.8-12.8h-22.4c-6.4 0-12.8 6.4-12.8 12.8v198.4c0 6.4 6.4 12.8 12.8 12.8zm96 0h22.4c6.4 0 12.8-6.4 12.8-12.8V204.8c0-6.4-6.4-12.8-12.8-12.8h-22.4c-6.4 0-12.8 6.4-12.8 12.8v134.4c0 6.4 6.4 12.8 12.8 12.8zM496 400H48V80c0-8.84-7.16-16-16-16H16C7.16 64 0 71.16 0 80v336c0 17.67 14.33 32 32 32h464c8.84 0 16-7.16 16-16v-16c0-8.84-7.16-16-16-16zm-387.2-48h22.4c6.4 0 12.8-6.4 12.8-12.8v-70.4c0-6.4-6.4-12.8-12.8-12.8h-22.4c-6.4 0-12.8 6.4-12.8 12.8v70.4c0 6.4 6.4 12.8 12.8 12.8z\" class=\"\"><\/path><\/svg><\/i> <img loading=\"lazy\" decoding=\"async\" width=\"16\" height=\"16\" alt=\"Loading\" src=\"https:\/\/erasmus-esl.pt\/BussolaEstudantil\/wp-content\/plugins\/page-views-count\/ajax-loader-2x.gif\" border=0 \/><\/p><div class=\"pvc_clear\"><\/div>","protected":false},"excerpt":{"rendered":"<p>A ESL foi distinguida com o 3.\u00ba pr\u00e9mio, uma men\u00e7\u00e3o honrosa e uma parte do1.\u00ba Pr\u00e9mio da Confer\u00eancia PORMUN 2026, realizada na Escola Secund\u00e1ria Jo\u00e3o de Deus, em Faro. No passado dia 23 de abril, os alunos do Clube de Rela\u00e7\u00f5es Internacionais da Escola Secund\u00e1ria de Loul\u00e9 participaram ativamente na realiza\u00e7\u00e3o da 3.\u00aa edi\u00e7\u00e3o da [&hellip;]<\/p>\n<div class=\"pvc_clear\"><\/div>\n<p id=\"pvc_stats_4871\" class=\"pvc_stats all  \" data-element-id=\"4871\" style=\"\"><i class=\"pvc-stats-icon medium\" aria-hidden=\"true\"><svg aria-hidden=\"true\" focusable=\"false\" data-prefix=\"far\" data-icon=\"chart-bar\" role=\"img\" xmlns=\"http:\/\/www.w3.org\/2000\/svg\" viewBox=\"0 0 512 512\" class=\"svg-inline--fa fa-chart-bar fa-w-16 fa-2x\"><path fill=\"currentColor\" d=\"M396.8 352h22.4c6.4 0 12.8-6.4 12.8-12.8V108.8c0-6.4-6.4-12.8-12.8-12.8h-22.4c-6.4 0-12.8 6.4-12.8 12.8v230.4c0 6.4 6.4 12.8 12.8 12.8zm-192 0h22.4c6.4 0 12.8-6.4 12.8-12.8V140.8c0-6.4-6.4-12.8-12.8-12.8h-22.4c-6.4 0-12.8 6.4-12.8 12.8v198.4c0 6.4 6.4 12.8 12.8 12.8zm96 0h22.4c6.4 0 12.8-6.4 12.8-12.8V204.8c0-6.4-6.4-12.8-12.8-12.8h-22.4c-6.4 0-12.8 6.4-12.8 12.8v134.4c0 6.4 6.4 12.8 12.8 12.8zM496 400H48V80c0-8.84-7.16-16-16-16H16C7.16 64 0 71.16 0 80v336c0 17.67 14.33 32 32 32h464c8.84 0 16-7.16 16-16v-16c0-8.84-7.16-16-16-16zm-387.2-48h22.4c6.4 0 12.8-6.4 12.8-12.8v-70.4c0-6.4-6.4-12.8-12.8-12.8h-22.4c-6.4 0-12.8 6.4-12.8 12.8v70.4c0 6.4 6.4 12.8 12.8 12.8z\" class=\"\"><\/path><\/svg><\/i> <img loading=\"lazy\" decoding=\"async\" width=\"16\" height=\"16\" alt=\"Loading\" src=\"https:\/\/erasmus-esl.pt\/BussolaEstudantil\/wp-content\/plugins\/page-views-count\/ajax-loader-2x.gif\" border=0 \/><\/p>\n<div class=\"pvc_clear\"><\/div>\n","protected":false},"author":1,"featured_media":4874,"comment_status":"open","ping_status":"open","sticky":false,"template":"","format":"standard","meta":{"footnotes":""},"categories":[7],"tags":[],"class_list":["post-4871","post","type-post","status-publish","format-standard","has-post-thumbnail","hentry","category-nos-por-la"],"_links":{"self":[{"href":"https:\/\/erasmus-esl.pt\/BussolaEstudantil\/wp-json\/wp\/v2\/posts\/4871","targetHints":{"allow":["GET"]}}],"collection":[{"href":"https:\/\/erasmus-esl.pt\/BussolaEstudantil\/wp-json\/wp\/v2\/posts"}],"about":[{"href":"https:\/\/erasmus-esl.pt\/BussolaEstudantil\/wp-json\/wp\/v2\/types\/post"}],"author":[{"embeddable":true,"href":"https:\/\/erasmus-esl.pt\/BussolaEstudantil\/wp-json\/wp\/v2\/users\/1"}],"replies":[{"embeddable":true,"href":"https:\/\/erasmus-esl.pt\/BussolaEstudantil\/wp-json\/wp\/v2\/comments?post=4871"}],"version-history":[{"count":-3,"href":"https:\/\/erasmus-esl.pt\/BussolaEstudantil\/wp-json\/wp\/v2\/posts\/4871\/revisions"}],"wp:featuredmedia":[{"embeddable":true,"href":"https:\/\/erasmus-esl.pt\/BussolaEstudantil\/wp-json\/wp\/v2\/media\/4874"}],"wp:attachment":[{"href":"https:\/\/erasmus-esl.pt\/BussolaEstudantil\/wp-json\/wp\/v2\/media?parent=4871"}],"wp:term":[{"taxonomy":"category","embeddable":true,"href":"https:\/\/erasmus-esl.pt\/BussolaEstudantil\/wp-json\/wp\/v2\/categories?post=4871"},{"taxonomy":"post_tag","embeddable":true,"href":"https:\/\/erasmus-esl.pt\/BussolaEstudantil\/wp-json\/wp\/v2\/tags?post=4871"}],"curies":[{"name":"wp","href":"https:\/\/api.w.org\/{rel}","templated":true}]}}