{"id":4090,"date":"2025-05-22T11:13:47","date_gmt":"2025-05-22T11:13:47","guid":{"rendered":"https:\/\/erasmus-esl.pt\/BussolaEstudantil\/?p=4090"},"modified":"2025-05-27T08:56:25","modified_gmt":"2025-05-27T08:56:25","slug":"alunos-da-esl-na-2-a-conferencia-pormun","status":"publish","type":"post","link":"https:\/\/erasmus-esl.pt\/BussolaEstudantil\/blog\/2025\/05\/22\/alunos-da-esl-na-2-a-conferencia-pormun\/","title":{"rendered":"Alunos da ESL na 2.\u00aa Confer\u00eancia PORMUN"},"content":{"rendered":"\n<figure class=\"wp-block-gallery columns-1 is-cropped wp-block-gallery-1 is-layout-flex wp-block-gallery-is-layout-flex\"><ul class=\"blocks-gallery-grid\"><li class=\"blocks-gallery-item\"><figure><img loading=\"lazy\" decoding=\"async\" width=\"1024\" height=\"768\" src=\"https:\/\/erasmus-esl.pt\/BussolaEstudantil\/wp-content\/uploads\/2025\/05\/7_ok-1024x768.jpg\" alt=\"\" data-id=\"4091\" data-full-url=\"https:\/\/erasmus-esl.pt\/BussolaEstudantil\/wp-content\/uploads\/2025\/05\/7_ok.jpg\" data-link=\"https:\/\/erasmus-esl.pt\/BussolaEstudantil\/?attachment_id=4091\" class=\"wp-image-4091\" srcset=\"https:\/\/erasmus-esl.pt\/BussolaEstudantil\/wp-content\/uploads\/2025\/05\/7_ok-1024x768.jpg 1024w, https:\/\/erasmus-esl.pt\/BussolaEstudantil\/wp-content\/uploads\/2025\/05\/7_ok-300x225.jpg 300w, https:\/\/erasmus-esl.pt\/BussolaEstudantil\/wp-content\/uploads\/2025\/05\/7_ok-768x576.jpg 768w, https:\/\/erasmus-esl.pt\/BussolaEstudantil\/wp-content\/uploads\/2025\/05\/7_ok.jpg 1365w\" sizes=\"auto, (max-width: 1024px) 100vw, 1024px\" \/><figcaption class=\"blocks-gallery-item__caption\">Os alunos da ESL que participaram na 2.\u00aa Confer\u00eancia PORMUN<\/figcaption><\/figure><\/li><\/ul><\/figure>\n\n\n\n<p class=\"has-drop-cap\">Os alunos do Clube de Rela\u00e7\u00f5es Internacionais da Escola Secund\u00e1ria de Loul\u00e9 (integrado no Clube de Filosofia) participaram na 2.\u00aa Confer\u00eancia PORMUN, que decorreu no dia 24 de abril de 2025 e debateram sobre os direitos infantojuvenis e os abusos sexuais. Um dos grupos participantes, constitu\u00eddo por quatro alunas da turma 11.\u00baJ e a representar o Equador, ganhou o terceiro pr\u00e9mio.<\/p>\n\n\n\n<figure class=\"wp-block-gallery columns-1 is-cropped wp-block-gallery-2 is-layout-flex wp-block-gallery-is-layout-flex\"><ul class=\"blocks-gallery-grid\"><li class=\"blocks-gallery-item\"><figure><img loading=\"lazy\" decoding=\"async\" width=\"1024\" height=\"461\" src=\"https:\/\/erasmus-esl.pt\/BussolaEstudantil\/wp-content\/uploads\/2025\/05\/6_ok-1024x461.jpg\" alt=\"\" data-id=\"4095\" data-full-url=\"https:\/\/erasmus-esl.pt\/BussolaEstudantil\/wp-content\/uploads\/2025\/05\/6_ok.jpg\" data-link=\"https:\/\/erasmus-esl.pt\/BussolaEstudantil\/?attachment_id=4095\" class=\"wp-image-4095\" srcset=\"https:\/\/erasmus-esl.pt\/BussolaEstudantil\/wp-content\/uploads\/2025\/05\/6_ok-1024x461.jpg 1024w, https:\/\/erasmus-esl.pt\/BussolaEstudantil\/wp-content\/uploads\/2025\/05\/6_ok-300x135.jpg 300w, https:\/\/erasmus-esl.pt\/BussolaEstudantil\/wp-content\/uploads\/2025\/05\/6_ok-768x346.jpg 768w, https:\/\/erasmus-esl.pt\/BussolaEstudantil\/wp-content\/uploads\/2025\/05\/6_ok-1536x692.jpg 1536w, https:\/\/erasmus-esl.pt\/BussolaEstudantil\/wp-content\/uploads\/2025\/05\/6_ok.jpg 1997w\" sizes=\"auto, (max-width: 1024px) 100vw, 1024px\" \/><figcaption class=\"blocks-gallery-item__caption\">As alunas Nataliya Vovkunovych , a Nicole Gra\u00e7a , a Mariana Cardoso  e a B\u00e1rbara Mendes  que, representando o Equador, conquistaram o 3.\u00ba pr\u00e9mio<\/figcaption><\/figure><\/li><\/ul><\/figure>\n\n\n\n<figure class=\"wp-block-gallery columns-1 is-cropped wp-block-gallery-3 is-layout-flex wp-block-gallery-is-layout-flex\"><ul class=\"blocks-gallery-grid\"><li class=\"blocks-gallery-item\"><figure><img loading=\"lazy\" decoding=\"async\" width=\"1024\" height=\"683\" src=\"https:\/\/erasmus-esl.pt\/BussolaEstudantil\/wp-content\/uploads\/2025\/05\/5_OK-1024x683.jpg\" alt=\"\" data-id=\"4093\" data-full-url=\"https:\/\/erasmus-esl.pt\/BussolaEstudantil\/wp-content\/uploads\/2025\/05\/5_OK.jpg\" data-link=\"https:\/\/erasmus-esl.pt\/BussolaEstudantil\/?attachment_id=4093\" class=\"wp-image-4093\" srcset=\"https:\/\/erasmus-esl.pt\/BussolaEstudantil\/wp-content\/uploads\/2025\/05\/5_OK-1024x683.jpg 1024w, https:\/\/erasmus-esl.pt\/BussolaEstudantil\/wp-content\/uploads\/2025\/05\/5_OK-300x200.jpg 300w, https:\/\/erasmus-esl.pt\/BussolaEstudantil\/wp-content\/uploads\/2025\/05\/5_OK-768x512.jpg 768w, https:\/\/erasmus-esl.pt\/BussolaEstudantil\/wp-content\/uploads\/2025\/05\/5_OK.jpg 1536w\" sizes=\"auto, (max-width: 1024px) 100vw, 1024px\" \/><\/figure><\/li><\/ul><\/figure>\n\n\n\n<figure class=\"wp-block-gallery columns-1 is-cropped wp-block-gallery-4 is-layout-flex wp-block-gallery-is-layout-flex\"><ul class=\"blocks-gallery-grid\"><li class=\"blocks-gallery-item\"><figure><img loading=\"lazy\" decoding=\"async\" width=\"461\" height=\"1024\" src=\"https:\/\/erasmus-esl.pt\/BussolaEstudantil\/wp-content\/uploads\/2025\/05\/foto-premio2-461x1024.jpg\" alt=\"\" data-id=\"4139\" data-full-url=\"https:\/\/erasmus-esl.pt\/BussolaEstudantil\/wp-content\/uploads\/2025\/05\/foto-premio2-scaled.jpg\" data-link=\"https:\/\/erasmus-esl.pt\/BussolaEstudantil\/?attachment_id=4139\" class=\"wp-image-4139\" srcset=\"https:\/\/erasmus-esl.pt\/BussolaEstudantil\/wp-content\/uploads\/2025\/05\/foto-premio2-461x1024.jpg 461w, https:\/\/erasmus-esl.pt\/BussolaEstudantil\/wp-content\/uploads\/2025\/05\/foto-premio2-135x300.jpg 135w, https:\/\/erasmus-esl.pt\/BussolaEstudantil\/wp-content\/uploads\/2025\/05\/foto-premio2-768x1705.jpg 768w, https:\/\/erasmus-esl.pt\/BussolaEstudantil\/wp-content\/uploads\/2025\/05\/foto-premio2-692x1536.jpg 692w, https:\/\/erasmus-esl.pt\/BussolaEstudantil\/wp-content\/uploads\/2025\/05\/foto-premio2-923x2048.jpg 923w, https:\/\/erasmus-esl.pt\/BussolaEstudantil\/wp-content\/uploads\/2025\/05\/foto-premio2-scaled.jpg 1153w\" sizes=\"auto, (max-width: 461px) 100vw, 461px\" \/><\/figure><\/li><\/ul><\/figure>\n\n\n\n<p>A Confer\u00eancia decorreu no audit\u00f3rio da Escola Secund\u00e1ria Jo\u00e3o de Deus e os nossos alunos juntaram-se a cerca de 80 inscritos, todos alunos provenientes de escolas secund\u00e1rias do distrito de Faro. <br>A confer\u00eancia PORMUN no distrito de Faro surgiu da ideia de uma aluna da Escola Secund\u00e1ria Jo\u00e3o de Deus, B\u00e1rbara Lima. A Confer\u00eancia PORMUN simula as confer\u00eancias das Na\u00e7\u00f5es Unidas e, tal como nestas, os representantes de cada pa\u00eds apresentam as suas \u201cResolu\u00e7\u00f5es\u201d, de modo que a partir delas possam debater um problema mundial e construir em conjunto uma Resolu\u00e7\u00e3o comum.<\/p>\n\n\n\n<figure class=\"wp-block-gallery columns-1 is-cropped wp-block-gallery-5 is-layout-flex wp-block-gallery-is-layout-flex\"><ul class=\"blocks-gallery-grid\"><li class=\"blocks-gallery-item\"><figure><img loading=\"lazy\" decoding=\"async\" width=\"1024\" height=\"683\" src=\"https:\/\/erasmus-esl.pt\/BussolaEstudantil\/wp-content\/uploads\/2025\/05\/auditorio-Joao-de-deus_OK-1024x683.jpg\" alt=\"\" data-id=\"4094\" data-full-url=\"https:\/\/erasmus-esl.pt\/BussolaEstudantil\/wp-content\/uploads\/2025\/05\/auditorio-Joao-de-deus_OK.jpg\" data-link=\"https:\/\/erasmus-esl.pt\/BussolaEstudantil\/?attachment_id=4094\" class=\"wp-image-4094\" srcset=\"https:\/\/erasmus-esl.pt\/BussolaEstudantil\/wp-content\/uploads\/2025\/05\/auditorio-Joao-de-deus_OK-1024x683.jpg 1024w, https:\/\/erasmus-esl.pt\/BussolaEstudantil\/wp-content\/uploads\/2025\/05\/auditorio-Joao-de-deus_OK-300x200.jpg 300w, https:\/\/erasmus-esl.pt\/BussolaEstudantil\/wp-content\/uploads\/2025\/05\/auditorio-Joao-de-deus_OK-768x512.jpg 768w, https:\/\/erasmus-esl.pt\/BussolaEstudantil\/wp-content\/uploads\/2025\/05\/auditorio-Joao-de-deus_OK.jpg 1536w\" sizes=\"auto, (max-width: 1024px) 100vw, 1024px\" \/><\/figure><\/li><\/ul><\/figure>\n\n\n\n<p>Alguns dos pa\u00edses representados foram: Espanha, Argentina, Panam\u00e1, Per\u00fa, Venezuela, Equador, Azerbaij\u00e3o, Brasil, Rom\u00e9nia, R\u00fassia, Egito, Marrocos, Nam\u00edbia, China, Coreia do Norte, Chipre, \u00cdndia, Timor-Leste e Pa\u00edses Baixos.<br>Os participantes da Escola Secund\u00e1ria de Loul\u00e9 representaram a China, o Equador, os Pa\u00edses Baixos, a R\u00fassia e Marrocos. A representar a China tivemos o Jo\u00e3o Martins (12.\u00baH), o Sebasti\u00e3o Neves (12.\u00baF) e o Leonardo C\u00e2ndido (12.\u00baC). A representar o Equador tivemos a Nataliya Vovkunovych (11\u00ba.J), a Nicole Gra\u00e7a (11.\u00baJ), a Mariana Cardoso (11.\u00baJ) e a B\u00e1rbara Mendes (11.\u00baJ). A representar os Pa\u00edses Baixos esteve a Helena Coelho (12.\u00baI). A representar a R\u00fassia esteve o Martim Martins (12.\u00baC). A representar Marrocos esteve o Rafael Mota (10.\u00ba I). A colaborar na coordena\u00e7\u00e3o do encontro esteve a Maria Eduarda Guerreiro (12.\u00ba F), que orientou tamb\u00e9m os trabalhos dos colegas na Escola Secund\u00e1ria de Loul\u00e9.<br>Ap\u00f3s a rece\u00e7\u00e3o aos participantes, a Confer\u00eancia iniciou-se com um momento protocolar, \u00e0s 9h:30m, sendo proferidos v\u00e1rios discursos de boas-vindas, de elogio \u00e0 iniciativa e encorajando os participantes.<br>Entre outras individualidades, intervieram o senhor Diretor do agrupamento de Escolas Jo\u00e3o de Deus, o senhor Presidente da Comiss\u00e3o de Coordena\u00e7\u00e3o de Desenvolvimento Regional do Algarve e representantes do Departamento de Desporto e Juventude da C\u00e2mara Municipal de Faro, da Dire\u00e7\u00e3o Regional de Educa\u00e7\u00e3o do Algarve e do Lions Clube de Faro, uma das entidades patrocinadoras do evento, que ofereceu os trof\u00e9us dos tr\u00eas primeiros pr\u00e9mios.<br>Os trabalhos desenvolveram-se com a apresenta\u00e7\u00e3o das Resolu\u00e7\u00f5es pelos representantes de cada pa\u00eds, seguida de debate, com apresenta\u00e7\u00e3o de quest\u00f5es e respostas. Em seguida, os participantes tiveram uma pausa para almo\u00e7o.<\/p>\n\n\n\n<figure class=\"wp-block-gallery columns-1 is-cropped wp-block-gallery-6 is-layout-flex wp-block-gallery-is-layout-flex\"><ul class=\"blocks-gallery-grid\"><li class=\"blocks-gallery-item\"><figure><img loading=\"lazy\" decoding=\"async\" width=\"1024\" height=\"683\" src=\"https:\/\/erasmus-esl.pt\/BussolaEstudantil\/wp-content\/uploads\/2025\/05\/11_OK_ok-1024x683.jpg\" alt=\"\" data-id=\"4096\" data-full-url=\"https:\/\/erasmus-esl.pt\/BussolaEstudantil\/wp-content\/uploads\/2025\/05\/11_OK_ok.jpg\" data-link=\"https:\/\/erasmus-esl.pt\/BussolaEstudantil\/?attachment_id=4096\" class=\"wp-image-4096\" srcset=\"https:\/\/erasmus-esl.pt\/BussolaEstudantil\/wp-content\/uploads\/2025\/05\/11_OK_ok-1024x683.jpg 1024w, https:\/\/erasmus-esl.pt\/BussolaEstudantil\/wp-content\/uploads\/2025\/05\/11_OK_ok-300x200.jpg 300w, https:\/\/erasmus-esl.pt\/BussolaEstudantil\/wp-content\/uploads\/2025\/05\/11_OK_ok-768x512.jpg 768w, https:\/\/erasmus-esl.pt\/BussolaEstudantil\/wp-content\/uploads\/2025\/05\/11_OK_ok.jpg 1536w\" sizes=\"auto, (max-width: 1024px) 100vw, 1024px\" \/><\/figure><\/li><\/ul><\/figure>\n\n\n\n<p><br>Os trabalhos foram retomados a partir das 14h:00m. De entre os participantes, a comiss\u00e3o de organiza\u00e7\u00e3o do evento constituiu cinco novos grupos, integrados por representantes das equipas de quatro pa\u00edses diferentes. O objetivo foi debater, negociar e alcan\u00e7ar cinco Resolu\u00e7\u00f5es comuns, as quais foram depois apresentadas e discutidas na assembleia geral dos participantes. Uma das medidas apresentadas para combater o abuso sexual de menores mais apoiada foi a necessidade da coopera\u00e7\u00e3o internacional. Os nossos alunos compreenderam a import\u00e2ncia da colabora\u00e7\u00e3o e da coopera\u00e7\u00e3o, desenvolvendo compet\u00eancias de negocia\u00e7\u00e3o entre diferentes pontos de vista, de modo a poderem ser alcan\u00e7ados consensos, t\u00e3o necess\u00e1rios para a resolu\u00e7\u00e3o de problemas globais.<br>Ap\u00f3s um Coffee-break e a vota\u00e7\u00e3o das Resolu\u00e7\u00f5es, conclu\u00edda a delibera\u00e7\u00e3o, os membros do j\u00fari anunciaram os pr\u00e9mios de grupo das equipas, os pr\u00e9mios individuais e as men\u00e7\u00f5es honrosas, entregando-os aos premiados sob amplos e entusi\u00e1sticos aplausos.<br>Cada um dos tr\u00eas grupos vencedores obteve um trof\u00e9u e a equipa vencedora recebeu ainda um pr\u00e9mio de 150 euros. O primeiro lugar foi atribu\u00eddo aos alunos que representaram a Espanha, o segundo lugar foi para os alunos que representaram a Ge\u00f3rgia e o terceiro lugar foi atribu\u00eddo aos alunos a representar o Equador (as alunas da turma 11.\u00ba J da Escola Secund\u00e1ria de Loul\u00e9: B\u00e1rbara, Mariana, Nataliya e Nicole).<br>Os alunos da nossa escola, individualmente e em grupo, representaram diferentes pa\u00edses e apresentaram as suas resolu\u00e7\u00f5es com muito empenho, qualidade e dinamismo. Parab\u00e9ns a todos os participantes, pois est\u00e3o a construir, no presente, um futuro comprometido com a defesa dos direitos humanos, que ser\u00e1 certamente melhor com a colabora\u00e7\u00e3o de todos.<br><br>Acompanharam os alunos os professores Maria Jo\u00e3o Viegas e H\u00e9lder Louren\u00e7o.<\/p>\n\n\n\n<hr class=\"wp-block-separator is-style-wide\"\/>\n\n\n\n<p class=\"has-small-font-size\">Texto e fotografias de:<br><strong>H\u00e9lder Louren\u00e7o<\/strong> e <strong>Maria Jo\u00e3o Viegas<\/strong><br>Professores de Filosofia | Clube de Filosofia<\/p>\n\n\n\n<div style=\"height:80px\" aria-hidden=\"true\" class=\"wp-block-spacer\"><\/div>\n<div class=\"pvc_clear\"><\/div><p id=\"pvc_stats_4090\" class=\"pvc_stats all  \" data-element-id=\"4090\" style=\"\"><i class=\"pvc-stats-icon medium\" aria-hidden=\"true\"><svg aria-hidden=\"true\" focusable=\"false\" data-prefix=\"far\" data-icon=\"chart-bar\" role=\"img\" xmlns=\"http:\/\/www.w3.org\/2000\/svg\" viewBox=\"0 0 512 512\" class=\"svg-inline--fa fa-chart-bar fa-w-16 fa-2x\"><path fill=\"currentColor\" d=\"M396.8 352h22.4c6.4 0 12.8-6.4 12.8-12.8V108.8c0-6.4-6.4-12.8-12.8-12.8h-22.4c-6.4 0-12.8 6.4-12.8 12.8v230.4c0 6.4 6.4 12.8 12.8 12.8zm-192 0h22.4c6.4 0 12.8-6.4 12.8-12.8V140.8c0-6.4-6.4-12.8-12.8-12.8h-22.4c-6.4 0-12.8 6.4-12.8 12.8v198.4c0 6.4 6.4 12.8 12.8 12.8zm96 0h22.4c6.4 0 12.8-6.4 12.8-12.8V204.8c0-6.4-6.4-12.8-12.8-12.8h-22.4c-6.4 0-12.8 6.4-12.8 12.8v134.4c0 6.4 6.4 12.8 12.8 12.8zM496 400H48V80c0-8.84-7.16-16-16-16H16C7.16 64 0 71.16 0 80v336c0 17.67 14.33 32 32 32h464c8.84 0 16-7.16 16-16v-16c0-8.84-7.16-16-16-16zm-387.2-48h22.4c6.4 0 12.8-6.4 12.8-12.8v-70.4c0-6.4-6.4-12.8-12.8-12.8h-22.4c-6.4 0-12.8 6.4-12.8 12.8v70.4c0 6.4 6.4 12.8 12.8 12.8z\" class=\"\"><\/path><\/svg><\/i> <img loading=\"lazy\" decoding=\"async\" width=\"16\" height=\"16\" alt=\"Loading\" src=\"https:\/\/erasmus-esl.pt\/BussolaEstudantil\/wp-content\/plugins\/page-views-count\/ajax-loader-2x.gif\" border=0 \/><\/p><div class=\"pvc_clear\"><\/div>","protected":false},"excerpt":{"rendered":"<p>Os alunos do Clube de Rela\u00e7\u00f5es Internacionais da Escola Secund\u00e1ria de Loul\u00e9 (integrado no Clube de Filosofia) participaram na 2.\u00aa Confer\u00eancia PORMUN, que decorreu no dia 24 de abril de 2025 e debateram sobre os direitos infantojuvenis e os abusos sexuais. Um dos grupos participantes, constitu\u00eddo por quatro alunas da turma 11.\u00baJ e a representar [&hellip;]<\/p>\n<div class=\"pvc_clear\"><\/div>\n<p id=\"pvc_stats_4090\" class=\"pvc_stats all  \" data-element-id=\"4090\" style=\"\"><i class=\"pvc-stats-icon medium\" aria-hidden=\"true\"><svg aria-hidden=\"true\" focusable=\"false\" data-prefix=\"far\" data-icon=\"chart-bar\" role=\"img\" xmlns=\"http:\/\/www.w3.org\/2000\/svg\" viewBox=\"0 0 512 512\" class=\"svg-inline--fa fa-chart-bar fa-w-16 fa-2x\"><path fill=\"currentColor\" d=\"M396.8 352h22.4c6.4 0 12.8-6.4 12.8-12.8V108.8c0-6.4-6.4-12.8-12.8-12.8h-22.4c-6.4 0-12.8 6.4-12.8 12.8v230.4c0 6.4 6.4 12.8 12.8 12.8zm-192 0h22.4c6.4 0 12.8-6.4 12.8-12.8V140.8c0-6.4-6.4-12.8-12.8-12.8h-22.4c-6.4 0-12.8 6.4-12.8 12.8v198.4c0 6.4 6.4 12.8 12.8 12.8zm96 0h22.4c6.4 0 12.8-6.4 12.8-12.8V204.8c0-6.4-6.4-12.8-12.8-12.8h-22.4c-6.4 0-12.8 6.4-12.8 12.8v134.4c0 6.4 6.4 12.8 12.8 12.8zM496 400H48V80c0-8.84-7.16-16-16-16H16C7.16 64 0 71.16 0 80v336c0 17.67 14.33 32 32 32h464c8.84 0 16-7.16 16-16v-16c0-8.84-7.16-16-16-16zm-387.2-48h22.4c6.4 0 12.8-6.4 12.8-12.8v-70.4c0-6.4-6.4-12.8-12.8-12.8h-22.4c-6.4 0-12.8 6.4-12.8 12.8v70.4c0 6.4 6.4 12.8 12.8 12.8z\" class=\"\"><\/path><\/svg><\/i> <img loading=\"lazy\" decoding=\"async\" width=\"16\" height=\"16\" alt=\"Loading\" src=\"https:\/\/erasmus-esl.pt\/BussolaEstudantil\/wp-content\/plugins\/page-views-count\/ajax-loader-2x.gif\" border=0 \/><\/p>\n<div class=\"pvc_clear\"><\/div>\n","protected":false},"author":1,"featured_media":4091,"comment_status":"open","ping_status":"open","sticky":false,"template":"","format":"standard","meta":{"footnotes":""},"categories":[7],"tags":[],"class_list":["post-4090","post","type-post","status-publish","format-standard","has-post-thumbnail","hentry","category-nos-por-la"],"_links":{"self":[{"href":"https:\/\/erasmus-esl.pt\/BussolaEstudantil\/wp-json\/wp\/v2\/posts\/4090","targetHints":{"allow":["GET"]}}],"collection":[{"href":"https:\/\/erasmus-esl.pt\/BussolaEstudantil\/wp-json\/wp\/v2\/posts"}],"about":[{"href":"https:\/\/erasmus-esl.pt\/BussolaEstudantil\/wp-json\/wp\/v2\/types\/post"}],"author":[{"embeddable":true,"href":"https:\/\/erasmus-esl.pt\/BussolaEstudantil\/wp-json\/wp\/v2\/users\/1"}],"replies":[{"embeddable":true,"href":"https:\/\/erasmus-esl.pt\/BussolaEstudantil\/wp-json\/wp\/v2\/comments?post=4090"}],"version-history":[{"count":0,"href":"https:\/\/erasmus-esl.pt\/BussolaEstudantil\/wp-json\/wp\/v2\/posts\/4090\/revisions"}],"wp:featuredmedia":[{"embeddable":true,"href":"https:\/\/erasmus-esl.pt\/BussolaEstudantil\/wp-json\/wp\/v2\/media\/4091"}],"wp:attachment":[{"href":"https:\/\/erasmus-esl.pt\/BussolaEstudantil\/wp-json\/wp\/v2\/media?parent=4090"}],"wp:term":[{"taxonomy":"category","embeddable":true,"href":"https:\/\/erasmus-esl.pt\/BussolaEstudantil\/wp-json\/wp\/v2\/categories?post=4090"},{"taxonomy":"post_tag","embeddable":true,"href":"https:\/\/erasmus-esl.pt\/BussolaEstudantil\/wp-json\/wp\/v2\/tags?post=4090"}],"curies":[{"name":"wp","href":"https:\/\/api.w.org\/{rel}","templated":true}]}}