{"id":3896,"date":"2025-04-01T10:00:13","date_gmt":"2025-04-01T10:00:13","guid":{"rendered":"https:\/\/erasmus-esl.pt\/BussolaEstudantil\/?p=3896"},"modified":"2025-04-02T14:14:28","modified_gmt":"2025-04-02T14:14:28","slug":"um-laco-de-cuidado-e-esperanca","status":"publish","type":"post","link":"https:\/\/erasmus-esl.pt\/BussolaEstudantil\/blog\/2025\/04\/01\/um-laco-de-cuidado-e-esperanca\/","title":{"rendered":"Um La\u00e7o de Cuidado e Esperan\u00e7a"},"content":{"rendered":"\n<p class=\"has-drop-cap\">Com as m\u00e3os cheias de cor e o cora\u00e7\u00e3o de significado, a turma do 10\u00ba Ua abra\u00e7ou um desafio com um significado profundo: a constru\u00e7\u00e3o de um la\u00e7o azul, s\u00edmbolo da prote\u00e7\u00e3o, do afeto e do compromisso com os direitos das crian\u00e7as.<br>Durante o m\u00eas de mar\u00e7o, com dedica\u00e7\u00e3o e sensibilidade, as alunas deram forma e cor a esta mensagem de esperan\u00e7a. Cada tra\u00e7o, cada detalhe e cada la\u00e7o criado refletem n\u00e3o apenas criatividade, mas tamb\u00e9m um profundo sentido de responsabilidade social. Mais do que um simples gesto, esta atividade foi uma oportunidade de reflex\u00e3o sobre o direito de todas as crian\u00e7as a crescerem num ambiente de amor, respeito e seguran\u00e7a.<\/p>\n\n\n\n<figure class=\"wp-block-image size-large\"><img loading=\"lazy\" decoding=\"async\" width=\"1024\" height=\"576\" src=\"https:\/\/erasmus-esl.pt\/BussolaEstudantil\/wp-content\/uploads\/2025\/04\/20250331_145700-final-1024x576.jpg\" alt=\"\" class=\"wp-image-3903\" srcset=\"https:\/\/erasmus-esl.pt\/BussolaEstudantil\/wp-content\/uploads\/2025\/04\/20250331_145700-final-1024x576.jpg 1024w, https:\/\/erasmus-esl.pt\/BussolaEstudantil\/wp-content\/uploads\/2025\/04\/20250331_145700-final-300x169.jpg 300w, https:\/\/erasmus-esl.pt\/BussolaEstudantil\/wp-content\/uploads\/2025\/04\/20250331_145700-final-768x432.jpg 768w, https:\/\/erasmus-esl.pt\/BussolaEstudantil\/wp-content\/uploads\/2025\/04\/20250331_145700-final-1536x864.jpg 1536w, https:\/\/erasmus-esl.pt\/BussolaEstudantil\/wp-content\/uploads\/2025\/04\/20250331_145700-final-2048x1152.jpg 2048w\" sizes=\"auto, (max-width: 1024px) 100vw, 1024px\" \/><\/figure>\n\n\n\n<p>Ao ver este la\u00e7o exposto nos \u00e1trios dos centros de sa\u00fade, queremos que todos se lembrem: proteger as crian\u00e7as \u00e9 um dever de todos. Com este pequeno grande gesto, a nossa escola une-se a muitas outras vozes para refor\u00e7ar a import\u00e2ncia dos bons-tratos e do cuidado, construindo um futuro mais justo e acolhedor para todos.<\/p>\n\n\n\n<p>Porque cada la\u00e7o conta. E este, feito com o cora\u00e7\u00e3o, leva consigo a marca do nosso compromisso.<\/p>\n\n\n\n<hr class=\"wp-block-separator is-style-wide\"\/>\n\n\n\n<p class=\"has-small-font-size\">Texto e imagem de: <br><strong>N\u00e9lia Leal<\/strong><br>Professora de Biologia e Geologia|Diretora de Curso 12\u00baUs|Coordenadora do Clube Ci\u00eancia Viva &#8211; ESL<\/p>\n<div class=\"pvc_clear\"><\/div><p id=\"pvc_stats_3896\" class=\"pvc_stats all  \" data-element-id=\"3896\" style=\"\"><i class=\"pvc-stats-icon medium\" aria-hidden=\"true\"><svg aria-hidden=\"true\" focusable=\"false\" data-prefix=\"far\" data-icon=\"chart-bar\" role=\"img\" xmlns=\"http:\/\/www.w3.org\/2000\/svg\" viewBox=\"0 0 512 512\" class=\"svg-inline--fa fa-chart-bar fa-w-16 fa-2x\"><path fill=\"currentColor\" d=\"M396.8 352h22.4c6.4 0 12.8-6.4 12.8-12.8V108.8c0-6.4-6.4-12.8-12.8-12.8h-22.4c-6.4 0-12.8 6.4-12.8 12.8v230.4c0 6.4 6.4 12.8 12.8 12.8zm-192 0h22.4c6.4 0 12.8-6.4 12.8-12.8V140.8c0-6.4-6.4-12.8-12.8-12.8h-22.4c-6.4 0-12.8 6.4-12.8 12.8v198.4c0 6.4 6.4 12.8 12.8 12.8zm96 0h22.4c6.4 0 12.8-6.4 12.8-12.8V204.8c0-6.4-6.4-12.8-12.8-12.8h-22.4c-6.4 0-12.8 6.4-12.8 12.8v134.4c0 6.4 6.4 12.8 12.8 12.8zM496 400H48V80c0-8.84-7.16-16-16-16H16C7.16 64 0 71.16 0 80v336c0 17.67 14.33 32 32 32h464c8.84 0 16-7.16 16-16v-16c0-8.84-7.16-16-16-16zm-387.2-48h22.4c6.4 0 12.8-6.4 12.8-12.8v-70.4c0-6.4-6.4-12.8-12.8-12.8h-22.4c-6.4 0-12.8 6.4-12.8 12.8v70.4c0 6.4 6.4 12.8 12.8 12.8z\" class=\"\"><\/path><\/svg><\/i> <img loading=\"lazy\" decoding=\"async\" width=\"16\" height=\"16\" alt=\"Loading\" src=\"https:\/\/erasmus-esl.pt\/BussolaEstudantil\/wp-content\/plugins\/page-views-count\/ajax-loader-2x.gif\" border=0 \/><\/p><div class=\"pvc_clear\"><\/div>","protected":false},"excerpt":{"rendered":"<p>Com as m\u00e3os cheias de cor e o cora\u00e7\u00e3o de significado, a turma do 10\u00ba Ua abra\u00e7ou um desafio com um significado profundo: a constru\u00e7\u00e3o de um la\u00e7o azul, s\u00edmbolo da prote\u00e7\u00e3o, do afeto e do compromisso com os direitos das crian\u00e7as.Durante o m\u00eas de mar\u00e7o, com dedica\u00e7\u00e3o e sensibilidade, as alunas deram forma e [&hellip;]<\/p>\n<div class=\"pvc_clear\"><\/div>\n<p id=\"pvc_stats_3896\" class=\"pvc_stats all  \" data-element-id=\"3896\" style=\"\"><i class=\"pvc-stats-icon medium\" aria-hidden=\"true\"><svg aria-hidden=\"true\" focusable=\"false\" data-prefix=\"far\" data-icon=\"chart-bar\" role=\"img\" xmlns=\"http:\/\/www.w3.org\/2000\/svg\" viewBox=\"0 0 512 512\" class=\"svg-inline--fa fa-chart-bar fa-w-16 fa-2x\"><path fill=\"currentColor\" d=\"M396.8 352h22.4c6.4 0 12.8-6.4 12.8-12.8V108.8c0-6.4-6.4-12.8-12.8-12.8h-22.4c-6.4 0-12.8 6.4-12.8 12.8v230.4c0 6.4 6.4 12.8 12.8 12.8zm-192 0h22.4c6.4 0 12.8-6.4 12.8-12.8V140.8c0-6.4-6.4-12.8-12.8-12.8h-22.4c-6.4 0-12.8 6.4-12.8 12.8v198.4c0 6.4 6.4 12.8 12.8 12.8zm96 0h22.4c6.4 0 12.8-6.4 12.8-12.8V204.8c0-6.4-6.4-12.8-12.8-12.8h-22.4c-6.4 0-12.8 6.4-12.8 12.8v134.4c0 6.4 6.4 12.8 12.8 12.8zM496 400H48V80c0-8.84-7.16-16-16-16H16C7.16 64 0 71.16 0 80v336c0 17.67 14.33 32 32 32h464c8.84 0 16-7.16 16-16v-16c0-8.84-7.16-16-16-16zm-387.2-48h22.4c6.4 0 12.8-6.4 12.8-12.8v-70.4c0-6.4-6.4-12.8-12.8-12.8h-22.4c-6.4 0-12.8 6.4-12.8 12.8v70.4c0 6.4 6.4 12.8 12.8 12.8z\" class=\"\"><\/path><\/svg><\/i> <img loading=\"lazy\" decoding=\"async\" width=\"16\" height=\"16\" alt=\"Loading\" src=\"https:\/\/erasmus-esl.pt\/BussolaEstudantil\/wp-content\/plugins\/page-views-count\/ajax-loader-2x.gif\" border=0 \/><\/p>\n<div class=\"pvc_clear\"><\/div>\n","protected":false},"author":1,"featured_media":3903,"comment_status":"open","ping_status":"open","sticky":false,"template":"","format":"standard","meta":{"footnotes":""},"categories":[6,7],"tags":[],"class_list":["post-3896","post","type-post","status-publish","format-standard","has-post-thumbnail","hentry","category-nos-por-ca","category-nos-por-la"],"_links":{"self":[{"href":"https:\/\/erasmus-esl.pt\/BussolaEstudantil\/wp-json\/wp\/v2\/posts\/3896","targetHints":{"allow":["GET"]}}],"collection":[{"href":"https:\/\/erasmus-esl.pt\/BussolaEstudantil\/wp-json\/wp\/v2\/posts"}],"about":[{"href":"https:\/\/erasmus-esl.pt\/BussolaEstudantil\/wp-json\/wp\/v2\/types\/post"}],"author":[{"embeddable":true,"href":"https:\/\/erasmus-esl.pt\/BussolaEstudantil\/wp-json\/wp\/v2\/users\/1"}],"replies":[{"embeddable":true,"href":"https:\/\/erasmus-esl.pt\/BussolaEstudantil\/wp-json\/wp\/v2\/comments?post=3896"}],"version-history":[{"count":3,"href":"https:\/\/erasmus-esl.pt\/BussolaEstudantil\/wp-json\/wp\/v2\/posts\/3896\/revisions"}],"predecessor-version":[{"id":3941,"href":"https:\/\/erasmus-esl.pt\/BussolaEstudantil\/wp-json\/wp\/v2\/posts\/3896\/revisions\/3941"}],"wp:featuredmedia":[{"embeddable":true,"href":"https:\/\/erasmus-esl.pt\/BussolaEstudantil\/wp-json\/wp\/v2\/media\/3903"}],"wp:attachment":[{"href":"https:\/\/erasmus-esl.pt\/BussolaEstudantil\/wp-json\/wp\/v2\/media?parent=3896"}],"wp:term":[{"taxonomy":"category","embeddable":true,"href":"https:\/\/erasmus-esl.pt\/BussolaEstudantil\/wp-json\/wp\/v2\/categories?post=3896"},{"taxonomy":"post_tag","embeddable":true,"href":"https:\/\/erasmus-esl.pt\/BussolaEstudantil\/wp-json\/wp\/v2\/tags?post=3896"}],"curies":[{"name":"wp","href":"https:\/\/api.w.org\/{rel}","templated":true}]}}