{"id":3819,"date":"2025-03-21T15:00:18","date_gmt":"2025-03-21T15:00:18","guid":{"rendered":"https:\/\/erasmus-esl.pt\/BussolaEstudantil\/?p=3819"},"modified":"2025-03-25T10:55:46","modified_gmt":"2025-03-25T10:55:46","slug":"camoes-sou-eu-assinala-o-dia-mundial-da-poesia","status":"publish","type":"post","link":"https:\/\/erasmus-esl.pt\/BussolaEstudantil\/blog\/2025\/03\/21\/camoes-sou-eu-assinala-o-dia-mundial-da-poesia\/","title":{"rendered":"&#8221; Cam\u00f5es&#8230; sou eu!\u00bb assinala o Dia Mundial da Poesia"},"content":{"rendered":"\n<figure class=\"wp-block-gallery columns-1 is-cropped wp-block-gallery-1 is-layout-flex wp-block-gallery-is-layout-flex\"><ul class=\"blocks-gallery-grid\"><li class=\"blocks-gallery-item\"><figure><img loading=\"lazy\" decoding=\"async\" width=\"724\" height=\"1024\" src=\"https:\/\/erasmus-esl.pt\/BussolaEstudantil\/wp-content\/uploads\/2025\/03\/Camoes-sou-eu_Cartaz_PNG-724x1024.png\" alt=\"\" data-id=\"3820\" data-full-url=\"https:\/\/erasmus-esl.pt\/BussolaEstudantil\/wp-content\/uploads\/2025\/03\/Camoes-sou-eu_Cartaz_PNG.png\" data-link=\"https:\/\/erasmus-esl.pt\/BussolaEstudantil\/?attachment_id=3820\" class=\"wp-image-3820\" srcset=\"https:\/\/erasmus-esl.pt\/BussolaEstudantil\/wp-content\/uploads\/2025\/03\/Camoes-sou-eu_Cartaz_PNG-724x1024.png 724w, https:\/\/erasmus-esl.pt\/BussolaEstudantil\/wp-content\/uploads\/2025\/03\/Camoes-sou-eu_Cartaz_PNG-212x300.png 212w, https:\/\/erasmus-esl.pt\/BussolaEstudantil\/wp-content\/uploads\/2025\/03\/Camoes-sou-eu_Cartaz_PNG-768x1086.png 768w, https:\/\/erasmus-esl.pt\/BussolaEstudantil\/wp-content\/uploads\/2025\/03\/Camoes-sou-eu_Cartaz_PNG.png 1024w\" sizes=\"auto, (max-width: 724px) 100vw, 724px\" \/><figcaption class=\"blocks-gallery-item__caption\">Cartaz da iniciativa, com design de J\u00falio Ribeiro (ESL)<\/figcaption><\/figure><\/li><\/ul><\/figure>\n\n\n\n<p class=\"has-drop-cap\">A Escola Secund\u00e1ria de Loul\u00e9 (ESL), e a sua Biblioteca Escolar, participaram na iniciativa \u00ab<strong>Cam\u00f5es &#8230;sou eu!<\/strong>\u00bb da Rede de Bibliotecas do Concelho de Loul\u00e9 (RBCL) que comemora o Dia Mundial da Poesia, atrav\u00e9s de leituras da obra de Lu\u00eds de Cam\u00f5es, acess\u00edveis atrav\u00e9s de <em>qr codes<\/em> afixados nos estabelecimentos comerciais que se associaram a esta comemora\u00e7\u00e3o &#8211; Caf\u00e9 Calcinha, 8100 Caf\u00e9 e By Family.<br><br><\/p>\n\n\n\n<figure class=\"wp-block-gallery columns-1 is-cropped wp-block-gallery-2 is-layout-flex wp-block-gallery-is-layout-flex\"><ul class=\"blocks-gallery-grid\"><li class=\"blocks-gallery-item\"><figure><img loading=\"lazy\" decoding=\"async\" width=\"644\" height=\"429\" src=\"https:\/\/erasmus-esl.pt\/BussolaEstudantil\/wp-content\/uploads\/2025\/03\/2-1.jpg\" alt=\"\" data-id=\"3821\" data-full-url=\"https:\/\/erasmus-esl.pt\/BussolaEstudantil\/wp-content\/uploads\/2025\/03\/2-1.jpg\" data-link=\"https:\/\/erasmus-esl.pt\/BussolaEstudantil\/?attachment_id=3821\" class=\"wp-image-3821\" srcset=\"https:\/\/erasmus-esl.pt\/BussolaEstudantil\/wp-content\/uploads\/2025\/03\/2-1.jpg 644w, https:\/\/erasmus-esl.pt\/BussolaEstudantil\/wp-content\/uploads\/2025\/03\/2-1-300x200.jpg 300w\" sizes=\"auto, (max-width: 644px) 100vw, 644px\" \/><figcaption class=\"blocks-gallery-item__caption\">Fotografia de Dina Ad\u00e3o (Col\u00e9gio Internacional de Vilamoura)<\/figcaption><\/figure><\/li><\/ul><\/figure>\n\n\n\n<figure class=\"wp-block-gallery columns-1 is-cropped wp-block-gallery-3 is-layout-flex wp-block-gallery-is-layout-flex\"><ul class=\"blocks-gallery-grid\"><li class=\"blocks-gallery-item\"><figure><img loading=\"lazy\" decoding=\"async\" width=\"670\" height=\"447\" src=\"https:\/\/erasmus-esl.pt\/BussolaEstudantil\/wp-content\/uploads\/2025\/03\/1-1.jpg\" alt=\"\" data-id=\"3822\" data-full-url=\"https:\/\/erasmus-esl.pt\/BussolaEstudantil\/wp-content\/uploads\/2025\/03\/1-1.jpg\" data-link=\"https:\/\/erasmus-esl.pt\/BussolaEstudantil\/?attachment_id=3822\" class=\"wp-image-3822\" srcset=\"https:\/\/erasmus-esl.pt\/BussolaEstudantil\/wp-content\/uploads\/2025\/03\/1-1.jpg 670w, https:\/\/erasmus-esl.pt\/BussolaEstudantil\/wp-content\/uploads\/2025\/03\/1-1-300x200.jpg 300w\" sizes=\"auto, (max-width: 670px) 100vw, 670px\" \/><figcaption class=\"blocks-gallery-item__caption\">Fotografia de Dina Ad\u00e3o (Col\u00e9gio Internacional de Vilamoura)<\/figcaption><\/figure><\/li><\/ul><\/figure>\n\n\n\n<figure class=\"wp-block-gallery columns-1 is-cropped wp-block-gallery-4 is-layout-flex wp-block-gallery-is-layout-flex\"><ul class=\"blocks-gallery-grid\"><li class=\"blocks-gallery-item\"><figure><img loading=\"lazy\" decoding=\"async\" width=\"644\" height=\"429\" src=\"https:\/\/erasmus-esl.pt\/BussolaEstudantil\/wp-content\/uploads\/2025\/03\/3-1.jpg\" alt=\"\" data-id=\"3823\" data-full-url=\"https:\/\/erasmus-esl.pt\/BussolaEstudantil\/wp-content\/uploads\/2025\/03\/3-1.jpg\" data-link=\"https:\/\/erasmus-esl.pt\/BussolaEstudantil\/?attachment_id=3823\" class=\"wp-image-3823\" srcset=\"https:\/\/erasmus-esl.pt\/BussolaEstudantil\/wp-content\/uploads\/2025\/03\/3-1.jpg 644w, https:\/\/erasmus-esl.pt\/BussolaEstudantil\/wp-content\/uploads\/2025\/03\/3-1-300x200.jpg 300w\" sizes=\"auto, (max-width: 644px) 100vw, 644px\" \/><figcaption class=\"blocks-gallery-item__caption\">Fotografia de Dina Ad\u00e3o (Col\u00e9gio Internacional de Vilamoura)<\/figcaption><\/figure><\/li><\/ul><\/figure>\n\n\n\n<p>Quem percorrer as mesas e outros suportes dos estabelecimentos poder\u00e1 encontrar os <em>qr codes<\/em> da ESL que remetem para o Podcast &#8220;Vamos Chatear o Cam\u00f5es da Biblioteca Escolar:<br><\/p>\n\n\n\n<figure class=\"wp-block-gallery columns-1 is-cropped wp-block-gallery-5 is-layout-flex wp-block-gallery-is-layout-flex\"><ul class=\"blocks-gallery-grid\"><li class=\"blocks-gallery-item\"><figure><img loading=\"lazy\" decoding=\"async\" width=\"1024\" height=\"1024\" src=\"https:\/\/erasmus-esl.pt\/BussolaEstudantil\/wp-content\/uploads\/2025\/03\/qrcodes-ESL-1.png\" alt=\"\" data-id=\"3825\" data-full-url=\"https:\/\/erasmus-esl.pt\/BussolaEstudantil\/wp-content\/uploads\/2025\/03\/qrcodes-ESL-1.png\" data-link=\"https:\/\/erasmus-esl.pt\/BussolaEstudantil\/?attachment_id=3825\" class=\"wp-image-3825\" srcset=\"https:\/\/erasmus-esl.pt\/BussolaEstudantil\/wp-content\/uploads\/2025\/03\/qrcodes-ESL-1.png 1024w, https:\/\/erasmus-esl.pt\/BussolaEstudantil\/wp-content\/uploads\/2025\/03\/qrcodes-ESL-1-300x300.png 300w, https:\/\/erasmus-esl.pt\/BussolaEstudantil\/wp-content\/uploads\/2025\/03\/qrcodes-ESL-1-150x150.png 150w, https:\/\/erasmus-esl.pt\/BussolaEstudantil\/wp-content\/uploads\/2025\/03\/qrcodes-ESL-1-768x768.png 768w\" sizes=\"auto, (max-width: 1024px) 100vw, 1024px\" \/><figcaption class=\"blocks-gallery-item__caption\">qr code de leitura de Cam\u00f5es do podcast \u00abVamos chatear o Cam\u00f5es\u00bb<br>Design de Sandra Batista (Agrupamento de Escolas Padre Jo\u00e3o Coelho Cabanita)<\/figcaption><\/figure><\/li><\/ul><\/figure>\n\n\n\n<figure class=\"wp-block-gallery columns-1 is-cropped wp-block-gallery-6 is-layout-flex wp-block-gallery-is-layout-flex\"><ul class=\"blocks-gallery-grid\"><li class=\"blocks-gallery-item\"><figure><img loading=\"lazy\" decoding=\"async\" width=\"1024\" height=\"1024\" src=\"https:\/\/erasmus-esl.pt\/BussolaEstudantil\/wp-content\/uploads\/2025\/03\/qrcodes-ESL-2.png\" alt=\"\" data-id=\"3826\" data-full-url=\"https:\/\/erasmus-esl.pt\/BussolaEstudantil\/wp-content\/uploads\/2025\/03\/qrcodes-ESL-2.png\" data-link=\"https:\/\/erasmus-esl.pt\/BussolaEstudantil\/?attachment_id=3826\" class=\"wp-image-3826\" srcset=\"https:\/\/erasmus-esl.pt\/BussolaEstudantil\/wp-content\/uploads\/2025\/03\/qrcodes-ESL-2.png 1024w, https:\/\/erasmus-esl.pt\/BussolaEstudantil\/wp-content\/uploads\/2025\/03\/qrcodes-ESL-2-300x300.png 300w, https:\/\/erasmus-esl.pt\/BussolaEstudantil\/wp-content\/uploads\/2025\/03\/qrcodes-ESL-2-150x150.png 150w, https:\/\/erasmus-esl.pt\/BussolaEstudantil\/wp-content\/uploads\/2025\/03\/qrcodes-ESL-2-768x768.png 768w\" sizes=\"auto, (max-width: 1024px) 100vw, 1024px\" \/><figcaption class=\"blocks-gallery-item__caption\">qr code de leitura de Cam\u00f5es do podcast \u00abVamos chatear o Cam\u00f5es\u00bb<br>Design de Sandra Batista (Agrupamento de Escolas Padre Jo\u00e3o Coelho Cabanita)<\/figcaption><\/figure><\/li><\/ul><\/figure>\n\n\n\n<figure class=\"wp-block-gallery columns-1 is-cropped wp-block-gallery-7 is-layout-flex wp-block-gallery-is-layout-flex\"><ul class=\"blocks-gallery-grid\"><li class=\"blocks-gallery-item\"><figure><img loading=\"lazy\" decoding=\"async\" width=\"1024\" height=\"1024\" src=\"https:\/\/erasmus-esl.pt\/BussolaEstudantil\/wp-content\/uploads\/2025\/03\/qrcodes-ESL-3-1024x1024.png\" alt=\"\" data-id=\"3827\" data-full-url=\"https:\/\/erasmus-esl.pt\/BussolaEstudantil\/wp-content\/uploads\/2025\/03\/qrcodes-ESL-3.png\" data-link=\"https:\/\/erasmus-esl.pt\/BussolaEstudantil\/?attachment_id=3827\" class=\"wp-image-3827\" srcset=\"https:\/\/erasmus-esl.pt\/BussolaEstudantil\/wp-content\/uploads\/2025\/03\/qrcodes-ESL-3-1024x1024.png 1024w, https:\/\/erasmus-esl.pt\/BussolaEstudantil\/wp-content\/uploads\/2025\/03\/qrcodes-ESL-3-300x300.png 300w, https:\/\/erasmus-esl.pt\/BussolaEstudantil\/wp-content\/uploads\/2025\/03\/qrcodes-ESL-3-150x150.png 150w, https:\/\/erasmus-esl.pt\/BussolaEstudantil\/wp-content\/uploads\/2025\/03\/qrcodes-ESL-3-768x768.png 768w, https:\/\/erasmus-esl.pt\/BussolaEstudantil\/wp-content\/uploads\/2025\/03\/qrcodes-ESL-3.png 1182w\" sizes=\"auto, (max-width: 1024px) 100vw, 1024px\" \/><figcaption class=\"blocks-gallery-item__caption\">qr code de leitura de Cam\u00f5es do podcast \u00abVamos chatear o Cam\u00f5es\u00bb<br>Design de Sandra Batista (Agrupamento de Escolas Padre Jo\u00e3o Coelho Cabanita)<\/figcaption><\/figure><\/li><\/ul><\/figure>\n\n\n\n<p>Participaram nesta iniciativa, com <em>qr codes <\/em>afixados, as seguintes entidades constituintes da RBCL: Biblioteca Municipal de Loul\u00e9, Agrupamento de Escolas Eng.\u00ba Duarte Pacheco, Agrupamento de Escolas Padre Jo\u00e3o Coelho Cabanita, Escola Secund\u00e1ria de Loul\u00e9, Agrupamento de Escolas Dr.\u00aa Laura Ayres, Agrupamento de Escolas D. Dinis, Quarteira, Agrupamento de Escolas Dr. Ant\u00f3nio de Sousa Agostinho, Col\u00e9gio Internacional de Vilamoura, Escola Profissional de Alte, Centro de Documenta\u00e7\u00e3o do Museu Municipal de Loul\u00e9, Funda\u00e7\u00e3o Manuel Viegas Guerreiro e ASMAL &#8211; Associa\u00e7\u00e3o de Sa\u00fade Mental do Algarve.<\/p>\n\n\n\n<hr class=\"wp-block-separator is-style-wide\"\/>\n\n\n\n<p class=\"has-small-font-size\">texto de:<br><strong>J\u00falio Ribeiro<\/strong><br>Professor de Artes Visuais | Professor bibliotec\u00e1rio<\/p>\n\n\n\n<div style=\"height:80px\" aria-hidden=\"true\" class=\"wp-block-spacer\"><\/div>\n\n\n\n<p><\/p>\n<div class=\"pvc_clear\"><\/div><p id=\"pvc_stats_3819\" class=\"pvc_stats all  \" data-element-id=\"3819\" style=\"\"><i class=\"pvc-stats-icon medium\" aria-hidden=\"true\"><svg aria-hidden=\"true\" focusable=\"false\" data-prefix=\"far\" data-icon=\"chart-bar\" role=\"img\" xmlns=\"http:\/\/www.w3.org\/2000\/svg\" viewBox=\"0 0 512 512\" class=\"svg-inline--fa fa-chart-bar fa-w-16 fa-2x\"><path fill=\"currentColor\" d=\"M396.8 352h22.4c6.4 0 12.8-6.4 12.8-12.8V108.8c0-6.4-6.4-12.8-12.8-12.8h-22.4c-6.4 0-12.8 6.4-12.8 12.8v230.4c0 6.4 6.4 12.8 12.8 12.8zm-192 0h22.4c6.4 0 12.8-6.4 12.8-12.8V140.8c0-6.4-6.4-12.8-12.8-12.8h-22.4c-6.4 0-12.8 6.4-12.8 12.8v198.4c0 6.4 6.4 12.8 12.8 12.8zm96 0h22.4c6.4 0 12.8-6.4 12.8-12.8V204.8c0-6.4-6.4-12.8-12.8-12.8h-22.4c-6.4 0-12.8 6.4-12.8 12.8v134.4c0 6.4 6.4 12.8 12.8 12.8zM496 400H48V80c0-8.84-7.16-16-16-16H16C7.16 64 0 71.16 0 80v336c0 17.67 14.33 32 32 32h464c8.84 0 16-7.16 16-16v-16c0-8.84-7.16-16-16-16zm-387.2-48h22.4c6.4 0 12.8-6.4 12.8-12.8v-70.4c0-6.4-6.4-12.8-12.8-12.8h-22.4c-6.4 0-12.8 6.4-12.8 12.8v70.4c0 6.4 6.4 12.8 12.8 12.8z\" class=\"\"><\/path><\/svg><\/i> <img loading=\"lazy\" decoding=\"async\" width=\"16\" height=\"16\" alt=\"Loading\" src=\"https:\/\/erasmus-esl.pt\/BussolaEstudantil\/wp-content\/plugins\/page-views-count\/ajax-loader-2x.gif\" border=0 \/><\/p><div class=\"pvc_clear\"><\/div>","protected":false},"excerpt":{"rendered":"<p>A Escola Secund\u00e1ria de Loul\u00e9 (ESL), e a sua Biblioteca Escolar, participaram na iniciativa \u00abCam\u00f5es &#8230;sou eu!\u00bb da Rede de Bibliotecas do Concelho de Loul\u00e9 (RBCL) que comemora o Dia Mundial da Poesia, atrav\u00e9s de leituras da obra de Lu\u00eds de Cam\u00f5es, acess\u00edveis atrav\u00e9s de qr codes afixados nos estabelecimentos comerciais que se associaram a [&hellip;]<\/p>\n<div class=\"pvc_clear\"><\/div>\n<p id=\"pvc_stats_3819\" class=\"pvc_stats all  \" data-element-id=\"3819\" style=\"\"><i class=\"pvc-stats-icon medium\" aria-hidden=\"true\"><svg aria-hidden=\"true\" focusable=\"false\" data-prefix=\"far\" data-icon=\"chart-bar\" role=\"img\" xmlns=\"http:\/\/www.w3.org\/2000\/svg\" viewBox=\"0 0 512 512\" class=\"svg-inline--fa fa-chart-bar fa-w-16 fa-2x\"><path fill=\"currentColor\" d=\"M396.8 352h22.4c6.4 0 12.8-6.4 12.8-12.8V108.8c0-6.4-6.4-12.8-12.8-12.8h-22.4c-6.4 0-12.8 6.4-12.8 12.8v230.4c0 6.4 6.4 12.8 12.8 12.8zm-192 0h22.4c6.4 0 12.8-6.4 12.8-12.8V140.8c0-6.4-6.4-12.8-12.8-12.8h-22.4c-6.4 0-12.8 6.4-12.8 12.8v198.4c0 6.4 6.4 12.8 12.8 12.8zm96 0h22.4c6.4 0 12.8-6.4 12.8-12.8V204.8c0-6.4-6.4-12.8-12.8-12.8h-22.4c-6.4 0-12.8 6.4-12.8 12.8v134.4c0 6.4 6.4 12.8 12.8 12.8zM496 400H48V80c0-8.84-7.16-16-16-16H16C7.16 64 0 71.16 0 80v336c0 17.67 14.33 32 32 32h464c8.84 0 16-7.16 16-16v-16c0-8.84-7.16-16-16-16zm-387.2-48h22.4c6.4 0 12.8-6.4 12.8-12.8v-70.4c0-6.4-6.4-12.8-12.8-12.8h-22.4c-6.4 0-12.8 6.4-12.8 12.8v70.4c0 6.4 6.4 12.8 12.8 12.8z\" class=\"\"><\/path><\/svg><\/i> <img loading=\"lazy\" decoding=\"async\" width=\"16\" height=\"16\" alt=\"Loading\" src=\"https:\/\/erasmus-esl.pt\/BussolaEstudantil\/wp-content\/plugins\/page-views-count\/ajax-loader-2x.gif\" border=0 \/><\/p>\n<div class=\"pvc_clear\"><\/div>\n","protected":false},"author":1,"featured_media":3834,"comment_status":"open","ping_status":"open","sticky":false,"template":"","format":"standard","meta":{"footnotes":""},"categories":[7,1],"tags":[],"class_list":["post-3819","post","type-post","status-publish","format-standard","has-post-thumbnail","hentry","category-nos-por-la","category-sugestoes"],"_links":{"self":[{"href":"https:\/\/erasmus-esl.pt\/BussolaEstudantil\/wp-json\/wp\/v2\/posts\/3819","targetHints":{"allow":["GET"]}}],"collection":[{"href":"https:\/\/erasmus-esl.pt\/BussolaEstudantil\/wp-json\/wp\/v2\/posts"}],"about":[{"href":"https:\/\/erasmus-esl.pt\/BussolaEstudantil\/wp-json\/wp\/v2\/types\/post"}],"author":[{"embeddable":true,"href":"https:\/\/erasmus-esl.pt\/BussolaEstudantil\/wp-json\/wp\/v2\/users\/1"}],"replies":[{"embeddable":true,"href":"https:\/\/erasmus-esl.pt\/BussolaEstudantil\/wp-json\/wp\/v2\/comments?post=3819"}],"version-history":[{"count":-4,"href":"https:\/\/erasmus-esl.pt\/BussolaEstudantil\/wp-json\/wp\/v2\/posts\/3819\/revisions"}],"wp:featuredmedia":[{"embeddable":true,"href":"https:\/\/erasmus-esl.pt\/BussolaEstudantil\/wp-json\/wp\/v2\/media\/3834"}],"wp:attachment":[{"href":"https:\/\/erasmus-esl.pt\/BussolaEstudantil\/wp-json\/wp\/v2\/media?parent=3819"}],"wp:term":[{"taxonomy":"category","embeddable":true,"href":"https:\/\/erasmus-esl.pt\/BussolaEstudantil\/wp-json\/wp\/v2\/categories?post=3819"},{"taxonomy":"post_tag","embeddable":true,"href":"https:\/\/erasmus-esl.pt\/BussolaEstudantil\/wp-json\/wp\/v2\/tags?post=3819"}],"curies":[{"name":"wp","href":"https:\/\/api.w.org\/{rel}","templated":true}]}}