{"id":3395,"date":"2024-11-18T15:00:00","date_gmt":"2024-11-18T15:00:00","guid":{"rendered":"https:\/\/erasmus-esl.pt\/BussolaEstudantil\/?p=3395"},"modified":"2024-11-20T13:10:05","modified_gmt":"2024-11-20T13:10:05","slug":"exposicao-de-trabalhos-de-desenho-dos-alunos-de-artes-visuais-da-esl-no-mar-shopping-algarve","status":"publish","type":"post","link":"https:\/\/erasmus-esl.pt\/BussolaEstudantil\/blog\/2024\/11\/18\/exposicao-de-trabalhos-de-desenho-dos-alunos-de-artes-visuais-da-esl-no-mar-shopping-algarve\/","title":{"rendered":"Exposi\u00e7\u00e3o de trabalhos de desenho dos alunos de Artes Visuais da ESL no MAR Shopping"},"content":{"rendered":"\n<figure class=\"wp-block-gallery columns-1 is-cropped wp-block-gallery-1 is-layout-flex wp-block-gallery-is-layout-flex\"><ul class=\"blocks-gallery-grid\"><li class=\"blocks-gallery-item\"><figure><img loading=\"lazy\" decoding=\"async\" width=\"724\" height=\"1024\" src=\"https:\/\/erasmus-esl.pt\/BussolaEstudantil\/wp-content\/uploads\/2024\/11\/Cartaz-redux-724x1024.jpg\" alt=\"\" data-id=\"3397\" data-full-url=\"https:\/\/erasmus-esl.pt\/BussolaEstudantil\/wp-content\/uploads\/2024\/11\/Cartaz-redux.jpg\" data-link=\"https:\/\/erasmus-esl.pt\/BussolaEstudantil\/?attachment_id=3397\" class=\"wp-image-3397\" srcset=\"https:\/\/erasmus-esl.pt\/BussolaEstudantil\/wp-content\/uploads\/2024\/11\/Cartaz-redux-724x1024.jpg 724w, https:\/\/erasmus-esl.pt\/BussolaEstudantil\/wp-content\/uploads\/2024\/11\/Cartaz-redux-212x300.jpg 212w, https:\/\/erasmus-esl.pt\/BussolaEstudantil\/wp-content\/uploads\/2024\/11\/Cartaz-redux-768x1086.jpg 768w, https:\/\/erasmus-esl.pt\/BussolaEstudantil\/wp-content\/uploads\/2024\/11\/Cartaz-redux.jpg 900w\" sizes=\"auto, (max-width: 724px) 100vw, 724px\" \/><figcaption class=\"blocks-gallery-item__caption\">Cartaz de Sarah Estevan, aluna do 12.\u00baK<\/figcaption><\/figure><\/li><\/ul><\/figure>\n\n\n\n<p class=\"has-drop-cap\"><strong>Reflex\u00e3o gr\u00e1fica sobre os Direitos (e Deveres) das Crian\u00e7as e Jovens, desenvolvida mo \u00e2mbito da celebra\u00e7\u00e3o da Conven\u00e7\u00e3o sobre os Direitos das Crian\u00e7as<\/strong> \u2014 o t\u00edtulo transcreve exatamente o tema ilustrado nos trabalhos.<br>Conhecemos os Direitos. Mas algu\u00e9m se lembra dos Deveres?<\/p>\n\n\n\n<p>Os trabalhos ilustram os direitos escolhidos e os deveres propostos pelos alunos. <br>A t\u00e9cnica: &#8211; escolhemos a t\u00e9cnica do Desenho com grafite, canetas,  marcadores, tinta-da-China e colagem, predominando o contraste claro-escuro e o uso de apenas uma cor.<br>Esta t\u00e9cnica permitiu, por um lado, dar uma resposta v\u00e1lida em tempo \u00fatil (dispusemos de pouco mais de um m\u00eas para a realiza\u00e7\u00e3o dos trabalhos) e por outro, garantir o destaque desta exposi\u00e7\u00e3o no meio da profusa decora\u00e7\u00e3o de Natal j\u00e1 vigente no espa\u00e7o do <strong><em>MAR Shopping<\/em><\/strong>.<br>A nossa Escola ocupa 10 dos 12 pain\u00e9is\/expositores. O t\u00edtulo e a apresenta\u00e7\u00e3o, legendas e organiza\u00e7\u00e3o expositiva nos pain\u00e9is s\u00e3o tamb\u00e9m da nossa autoria.<\/p>\n\n\n\n<figure class=\"wp-block-gallery columns-1 is-cropped wp-block-gallery-2 is-layout-flex wp-block-gallery-is-layout-flex\"><ul class=\"blocks-gallery-grid\"><li class=\"blocks-gallery-item\"><figure><img loading=\"lazy\" decoding=\"async\" width=\"1024\" height=\"683\" src=\"https:\/\/erasmus-esl.pt\/BussolaEstudantil\/wp-content\/uploads\/2024\/11\/geral_ok-1024x683.jpg\" alt=\"\" data-id=\"3398\" data-full-url=\"https:\/\/erasmus-esl.pt\/BussolaEstudantil\/wp-content\/uploads\/2024\/11\/geral_ok.jpg\" data-link=\"https:\/\/erasmus-esl.pt\/BussolaEstudantil\/?attachment_id=3398\" class=\"wp-image-3398\" srcset=\"https:\/\/erasmus-esl.pt\/BussolaEstudantil\/wp-content\/uploads\/2024\/11\/geral_ok-1024x683.jpg 1024w, https:\/\/erasmus-esl.pt\/BussolaEstudantil\/wp-content\/uploads\/2024\/11\/geral_ok-300x200.jpg 300w, https:\/\/erasmus-esl.pt\/BussolaEstudantil\/wp-content\/uploads\/2024\/11\/geral_ok-768x512.jpg 768w, https:\/\/erasmus-esl.pt\/BussolaEstudantil\/wp-content\/uploads\/2024\/11\/geral_ok.jpg 1536w\" sizes=\"auto, (max-width: 1024px) 100vw, 1024px\" \/><\/figure><\/li><\/ul><\/figure>\n\n\n\n<figure class=\"wp-block-gallery columns-1 is-cropped wp-block-gallery-3 is-layout-flex wp-block-gallery-is-layout-flex\"><ul class=\"blocks-gallery-grid\"><li class=\"blocks-gallery-item\"><figure><img loading=\"lazy\" decoding=\"async\" width=\"732\" height=\"1024\" src=\"https:\/\/erasmus-esl.pt\/BussolaEstudantil\/wp-content\/uploads\/2024\/11\/painel1_ok-732x1024.jpg\" alt=\"\" data-id=\"3399\" data-full-url=\"https:\/\/erasmus-esl.pt\/BussolaEstudantil\/wp-content\/uploads\/2024\/11\/painel1_ok.jpg\" data-link=\"https:\/\/erasmus-esl.pt\/BussolaEstudantil\/?attachment_id=3399\" class=\"wp-image-3399\" srcset=\"https:\/\/erasmus-esl.pt\/BussolaEstudantil\/wp-content\/uploads\/2024\/11\/painel1_ok-732x1024.jpg 732w, https:\/\/erasmus-esl.pt\/BussolaEstudantil\/wp-content\/uploads\/2024\/11\/painel1_ok-215x300.jpg 215w, https:\/\/erasmus-esl.pt\/BussolaEstudantil\/wp-content\/uploads\/2024\/11\/painel1_ok-768x1074.jpg 768w, https:\/\/erasmus-esl.pt\/BussolaEstudantil\/wp-content\/uploads\/2024\/11\/painel1_ok.jpg 1024w\" sizes=\"auto, (max-width: 732px) 100vw, 732px\" \/><\/figure><\/li><\/ul><\/figure>\n\n\n\n<figure class=\"wp-block-gallery columns-1 is-cropped wp-block-gallery-4 is-layout-flex wp-block-gallery-is-layout-flex\"><ul class=\"blocks-gallery-grid\"><li class=\"blocks-gallery-item\"><figure><img loading=\"lazy\" decoding=\"async\" width=\"688\" height=\"1024\" src=\"https:\/\/erasmus-esl.pt\/BussolaEstudantil\/wp-content\/uploads\/2024\/11\/painel2_ok-688x1024.jpg\" alt=\"\" data-id=\"3400\" data-full-url=\"https:\/\/erasmus-esl.pt\/BussolaEstudantil\/wp-content\/uploads\/2024\/11\/painel2_ok.jpg\" data-link=\"https:\/\/erasmus-esl.pt\/BussolaEstudantil\/?attachment_id=3400\" class=\"wp-image-3400\" srcset=\"https:\/\/erasmus-esl.pt\/BussolaEstudantil\/wp-content\/uploads\/2024\/11\/painel2_ok-688x1024.jpg 688w, https:\/\/erasmus-esl.pt\/BussolaEstudantil\/wp-content\/uploads\/2024\/11\/painel2_ok-201x300.jpg 201w, https:\/\/erasmus-esl.pt\/BussolaEstudantil\/wp-content\/uploads\/2024\/11\/painel2_ok-768x1144.jpg 768w, https:\/\/erasmus-esl.pt\/BussolaEstudantil\/wp-content\/uploads\/2024\/11\/painel2_ok-1031x1536.jpg 1031w, https:\/\/erasmus-esl.pt\/BussolaEstudantil\/wp-content\/uploads\/2024\/11\/painel2_ok.jpg 1292w\" sizes=\"auto, (max-width: 688px) 100vw, 688px\" \/><\/figure><\/li><\/ul><\/figure>\n\n\n\n<figure class=\"wp-block-gallery columns-1 is-cropped wp-block-gallery-5 is-layout-flex wp-block-gallery-is-layout-flex\"><ul class=\"blocks-gallery-grid\"><li class=\"blocks-gallery-item\"><figure><img loading=\"lazy\" decoding=\"async\" width=\"686\" height=\"1024\" src=\"https:\/\/erasmus-esl.pt\/BussolaEstudantil\/wp-content\/uploads\/2024\/11\/painel3_ok-686x1024.jpg\" alt=\"\" data-id=\"3401\" data-full-url=\"https:\/\/erasmus-esl.pt\/BussolaEstudantil\/wp-content\/uploads\/2024\/11\/painel3_ok.jpg\" data-link=\"https:\/\/erasmus-esl.pt\/BussolaEstudantil\/?attachment_id=3401\" class=\"wp-image-3401\" srcset=\"https:\/\/erasmus-esl.pt\/BussolaEstudantil\/wp-content\/uploads\/2024\/11\/painel3_ok-686x1024.jpg 686w, https:\/\/erasmus-esl.pt\/BussolaEstudantil\/wp-content\/uploads\/2024\/11\/painel3_ok-201x300.jpg 201w, https:\/\/erasmus-esl.pt\/BussolaEstudantil\/wp-content\/uploads\/2024\/11\/painel3_ok-768x1147.jpg 768w, https:\/\/erasmus-esl.pt\/BussolaEstudantil\/wp-content\/uploads\/2024\/11\/painel3_ok.jpg 1024w\" sizes=\"auto, (max-width: 686px) 100vw, 686px\" \/><\/figure><\/li><\/ul><\/figure>\n\n\n\n<p>Esperamos que esta Reflex\u00e3o encontre eco e continuidade em todos os que visualizarem estes trabalhos.<br>Agradecemos o apoio e colabora\u00e7\u00e3o da nossa Escola e agradecemos \u00e0<strong> CPCJ<\/strong> (<strong>Comiss\u00e3o da prote\u00e7\u00e3o das Crian\u00e7as e Jovens<\/strong>) de Loul\u00e9 o desafio que nos lan\u00e7ou, assim como o seu trabalho de intermedi\u00e1ria entre n\u00f3s e o MAR shopping.<br><br>Resta o convite a todos! <br>A exposi\u00e7\u00e3o ir\u00e1 estar aberta de 18 de novembro at\u00e9 1 de dezembro de 2024 na entrada principal\/piso zero no MAR Shopping.<\/p>\n\n\n\n<div style=\"height:20px\" aria-hidden=\"true\" class=\"wp-block-spacer\"><\/div>\n\n\n\n<hr class=\"wp-block-separator is-style-wide\"\/>\n\n\n\n<p class=\"has-small-font-size\">Texto de <br><strong>Josefina Gamito<\/strong><br>professora de Artes Visuais | Coordenadora do Clube de Artes Visuais<\/p>\n\n\n\n<div style=\"height:81px\" aria-hidden=\"true\" class=\"wp-block-spacer\"><\/div>\n<div class=\"pvc_clear\"><\/div><p id=\"pvc_stats_3395\" class=\"pvc_stats all  \" data-element-id=\"3395\" style=\"\"><i class=\"pvc-stats-icon medium\" aria-hidden=\"true\"><svg aria-hidden=\"true\" focusable=\"false\" data-prefix=\"far\" data-icon=\"chart-bar\" role=\"img\" xmlns=\"http:\/\/www.w3.org\/2000\/svg\" viewBox=\"0 0 512 512\" class=\"svg-inline--fa fa-chart-bar fa-w-16 fa-2x\"><path fill=\"currentColor\" d=\"M396.8 352h22.4c6.4 0 12.8-6.4 12.8-12.8V108.8c0-6.4-6.4-12.8-12.8-12.8h-22.4c-6.4 0-12.8 6.4-12.8 12.8v230.4c0 6.4 6.4 12.8 12.8 12.8zm-192 0h22.4c6.4 0 12.8-6.4 12.8-12.8V140.8c0-6.4-6.4-12.8-12.8-12.8h-22.4c-6.4 0-12.8 6.4-12.8 12.8v198.4c0 6.4 6.4 12.8 12.8 12.8zm96 0h22.4c6.4 0 12.8-6.4 12.8-12.8V204.8c0-6.4-6.4-12.8-12.8-12.8h-22.4c-6.4 0-12.8 6.4-12.8 12.8v134.4c0 6.4 6.4 12.8 12.8 12.8zM496 400H48V80c0-8.84-7.16-16-16-16H16C7.16 64 0 71.16 0 80v336c0 17.67 14.33 32 32 32h464c8.84 0 16-7.16 16-16v-16c0-8.84-7.16-16-16-16zm-387.2-48h22.4c6.4 0 12.8-6.4 12.8-12.8v-70.4c0-6.4-6.4-12.8-12.8-12.8h-22.4c-6.4 0-12.8 6.4-12.8 12.8v70.4c0 6.4 6.4 12.8 12.8 12.8z\" class=\"\"><\/path><\/svg><\/i> <img loading=\"lazy\" decoding=\"async\" width=\"16\" height=\"16\" alt=\"Loading\" src=\"https:\/\/erasmus-esl.pt\/BussolaEstudantil\/wp-content\/plugins\/page-views-count\/ajax-loader-2x.gif\" border=0 \/><\/p><div class=\"pvc_clear\"><\/div>","protected":false},"excerpt":{"rendered":"<p>Reflex\u00e3o gr\u00e1fica sobre os Direitos (e Deveres) das Crian\u00e7as e Jovens, desenvolvida mo \u00e2mbito da celebra\u00e7\u00e3o da Conven\u00e7\u00e3o sobre os Direitos das Crian\u00e7as \u2014 o t\u00edtulo transcreve exatamente o tema ilustrado nos trabalhos.Conhecemos os Direitos. Mas algu\u00e9m se lembra dos Deveres? Os trabalhos ilustram os direitos escolhidos e os deveres propostos pelos alunos. A t\u00e9cnica: [&hellip;]<\/p>\n<div class=\"pvc_clear\"><\/div>\n<p id=\"pvc_stats_3395\" class=\"pvc_stats all  \" data-element-id=\"3395\" style=\"\"><i class=\"pvc-stats-icon medium\" aria-hidden=\"true\"><svg aria-hidden=\"true\" focusable=\"false\" data-prefix=\"far\" data-icon=\"chart-bar\" role=\"img\" xmlns=\"http:\/\/www.w3.org\/2000\/svg\" viewBox=\"0 0 512 512\" class=\"svg-inline--fa fa-chart-bar fa-w-16 fa-2x\"><path fill=\"currentColor\" d=\"M396.8 352h22.4c6.4 0 12.8-6.4 12.8-12.8V108.8c0-6.4-6.4-12.8-12.8-12.8h-22.4c-6.4 0-12.8 6.4-12.8 12.8v230.4c0 6.4 6.4 12.8 12.8 12.8zm-192 0h22.4c6.4 0 12.8-6.4 12.8-12.8V140.8c0-6.4-6.4-12.8-12.8-12.8h-22.4c-6.4 0-12.8 6.4-12.8 12.8v198.4c0 6.4 6.4 12.8 12.8 12.8zm96 0h22.4c6.4 0 12.8-6.4 12.8-12.8V204.8c0-6.4-6.4-12.8-12.8-12.8h-22.4c-6.4 0-12.8 6.4-12.8 12.8v134.4c0 6.4 6.4 12.8 12.8 12.8zM496 400H48V80c0-8.84-7.16-16-16-16H16C7.16 64 0 71.16 0 80v336c0 17.67 14.33 32 32 32h464c8.84 0 16-7.16 16-16v-16c0-8.84-7.16-16-16-16zm-387.2-48h22.4c6.4 0 12.8-6.4 12.8-12.8v-70.4c0-6.4-6.4-12.8-12.8-12.8h-22.4c-6.4 0-12.8 6.4-12.8 12.8v70.4c0 6.4 6.4 12.8 12.8 12.8z\" class=\"\"><\/path><\/svg><\/i> <img loading=\"lazy\" decoding=\"async\" width=\"16\" height=\"16\" alt=\"Loading\" src=\"https:\/\/erasmus-esl.pt\/BussolaEstudantil\/wp-content\/plugins\/page-views-count\/ajax-loader-2x.gif\" border=0 \/><\/p>\n<div class=\"pvc_clear\"><\/div>\n","protected":false},"author":1,"featured_media":3398,"comment_status":"open","ping_status":"open","sticky":false,"template":"","format":"standard","meta":{"footnotes":""},"categories":[7,1],"tags":[],"class_list":["post-3395","post","type-post","status-publish","format-standard","has-post-thumbnail","hentry","category-nos-por-la","category-sugestoes"],"_links":{"self":[{"href":"https:\/\/erasmus-esl.pt\/BussolaEstudantil\/wp-json\/wp\/v2\/posts\/3395","targetHints":{"allow":["GET"]}}],"collection":[{"href":"https:\/\/erasmus-esl.pt\/BussolaEstudantil\/wp-json\/wp\/v2\/posts"}],"about":[{"href":"https:\/\/erasmus-esl.pt\/BussolaEstudantil\/wp-json\/wp\/v2\/types\/post"}],"author":[{"embeddable":true,"href":"https:\/\/erasmus-esl.pt\/BussolaEstudantil\/wp-json\/wp\/v2\/users\/1"}],"replies":[{"embeddable":true,"href":"https:\/\/erasmus-esl.pt\/BussolaEstudantil\/wp-json\/wp\/v2\/comments?post=3395"}],"version-history":[{"count":-1,"href":"https:\/\/erasmus-esl.pt\/BussolaEstudantil\/wp-json\/wp\/v2\/posts\/3395\/revisions"}],"wp:featuredmedia":[{"embeddable":true,"href":"https:\/\/erasmus-esl.pt\/BussolaEstudantil\/wp-json\/wp\/v2\/media\/3398"}],"wp:attachment":[{"href":"https:\/\/erasmus-esl.pt\/BussolaEstudantil\/wp-json\/wp\/v2\/media?parent=3395"}],"wp:term":[{"taxonomy":"category","embeddable":true,"href":"https:\/\/erasmus-esl.pt\/BussolaEstudantil\/wp-json\/wp\/v2\/categories?post=3395"},{"taxonomy":"post_tag","embeddable":true,"href":"https:\/\/erasmus-esl.pt\/BussolaEstudantil\/wp-json\/wp\/v2\/tags?post=3395"}],"curies":[{"name":"wp","href":"https:\/\/api.w.org\/{rel}","templated":true}]}}