{"id":3310,"date":"2024-10-08T10:00:00","date_gmt":"2024-10-08T10:00:00","guid":{"rendered":"https:\/\/erasmus-esl.pt\/BussolaEstudantil\/?p=3310"},"modified":"2024-10-14T13:14:34","modified_gmt":"2024-10-14T13:14:34","slug":"alunos-da-esl-na-mobilidade-de-cracovia-do-projeto-erasmus-make-earth-cool-again","status":"publish","type":"post","link":"https:\/\/erasmus-esl.pt\/BussolaEstudantil\/blog\/2024\/10\/08\/alunos-da-esl-na-mobilidade-de-cracovia-do-projeto-erasmus-make-earth-cool-again\/","title":{"rendered":"Alunos da ESL na mobilidade de Crac\u00f3via do projeto   Erasmus+ &#8220;Make Earth Cool Again&#8221;"},"content":{"rendered":"\n<figure class=\"wp-block-gallery columns-1 is-cropped wp-block-gallery-1 is-layout-flex wp-block-gallery-is-layout-flex\"><ul class=\"blocks-gallery-grid\"><li class=\"blocks-gallery-item\"><figure><img loading=\"lazy\" decoding=\"async\" width=\"1024\" height=\"768\" src=\"https:\/\/erasmus-esl.pt\/BussolaEstudantil\/wp-content\/uploads\/2024\/10\/Delegacoes-1024x768.jpg\" alt=\"\" data-id=\"3314\" data-full-url=\"https:\/\/erasmus-esl.pt\/BussolaEstudantil\/wp-content\/uploads\/2024\/10\/Delegacoes.jpg\" data-link=\"https:\/\/erasmus-esl.pt\/BussolaEstudantil\/?attachment_id=3314\" class=\"wp-image-3314\" srcset=\"https:\/\/erasmus-esl.pt\/BussolaEstudantil\/wp-content\/uploads\/2024\/10\/Delegacoes-1024x768.jpg 1024w, https:\/\/erasmus-esl.pt\/BussolaEstudantil\/wp-content\/uploads\/2024\/10\/Delegacoes-300x225.jpg 300w, https:\/\/erasmus-esl.pt\/BussolaEstudantil\/wp-content\/uploads\/2024\/10\/Delegacoes-768x576.jpg 768w, https:\/\/erasmus-esl.pt\/BussolaEstudantil\/wp-content\/uploads\/2024\/10\/Delegacoes.jpg 1200w\" sizes=\"auto, (max-width: 1024px) 100vw, 1024px\" \/><figcaption class=\"blocks-gallery-item__caption\">As delega\u00e7\u00f5es do projeto Erasmus+ &#8220;Make Earth Cool Again&#8221; <br> fotografia de Paulo Ribeiro<\/figcaption><\/figure><\/li><\/ul><\/figure>\n\n\n\n<div style=\"height:20px\" aria-hidden=\"true\" class=\"wp-block-spacer\"><\/div>\n\n\n\n<p class=\"has-drop-cap\">Quatro jovens da Escola Secund\u00e1ria de Loul\u00e9, Daniela Damaschin, Lara Viegas, Santiago Santos e Tiago Ribeiro, elevaram o nome de Portugal e da Escola a um alto n\u00edvel ao participarem com entusiasmo numa mobilidade do projeto Erasmus+ &#8220;<strong>Make Earth Cool Again<\/strong>&#8220;, que decorreu de 30 de setembro a 5 de outubro de 2024, em Crac\u00f3via, Pol\u00f3nia. <\/p>\n\n\n\n<figure class=\"wp-block-gallery columns-1 is-cropped wp-block-gallery-2 is-layout-flex wp-block-gallery-is-layout-flex\"><ul class=\"blocks-gallery-grid\"><li class=\"blocks-gallery-item\"><figure><img loading=\"lazy\" decoding=\"async\" width=\"454\" height=\"454\" src=\"https:\/\/erasmus-esl.pt\/BussolaEstudantil\/wp-content\/uploads\/2024\/10\/Mace-LOGO-FINAL-24-25.jpg\" alt=\"\" data-id=\"3319\" data-full-url=\"https:\/\/erasmus-esl.pt\/BussolaEstudantil\/wp-content\/uploads\/2024\/10\/Mace-LOGO-FINAL-24-25.jpg\" data-link=\"https:\/\/erasmus-esl.pt\/BussolaEstudantil\/?attachment_id=3319\" class=\"wp-image-3319\" srcset=\"https:\/\/erasmus-esl.pt\/BussolaEstudantil\/wp-content\/uploads\/2024\/10\/Mace-LOGO-FINAL-24-25.jpg 454w, https:\/\/erasmus-esl.pt\/BussolaEstudantil\/wp-content\/uploads\/2024\/10\/Mace-LOGO-FINAL-24-25-300x300.jpg 300w, https:\/\/erasmus-esl.pt\/BussolaEstudantil\/wp-content\/uploads\/2024\/10\/Mace-LOGO-FINAL-24-25-150x150.jpg 150w\" sizes=\"auto, (max-width: 454px) 100vw, 454px\" \/><figcaption class=\"blocks-gallery-item__caption\">Logotipo do do projeto Erasmus+ &#8220;<strong>Make Earth Cool Again<\/strong>&#8220;<\/figcaption><\/figure><\/li><\/ul><\/figure>\n\n\n\n<p>Os alunos representaram de forma din\u00e2mica a escola e a regi\u00e3o numa iniciativa que visa consciencializar para os Objetivos de Desenvolvimento Sustent\u00e1vel (ODS) e para a sua aplica\u00e7\u00e3o pr\u00e1tica, em especial no combate \u00e0s altera\u00e7\u00f5es clim\u00e1ticas atrav\u00e9s da atividade f\u00edsica.<\/p>\n\n\n\n<figure class=\"wp-block-gallery columns-1 is-cropped wp-block-gallery-3 is-layout-flex wp-block-gallery-is-layout-flex\"><ul class=\"blocks-gallery-grid\"><li class=\"blocks-gallery-item\"><figure><img loading=\"lazy\" decoding=\"async\" width=\"1024\" height=\"768\" src=\"https:\/\/erasmus-esl.pt\/BussolaEstudantil\/wp-content\/uploads\/2024\/10\/Antes-do-embarque-1024x768.jpg\" alt=\"\" data-id=\"3313\" data-full-url=\"https:\/\/erasmus-esl.pt\/BussolaEstudantil\/wp-content\/uploads\/2024\/10\/Antes-do-embarque.jpg\" data-link=\"https:\/\/erasmus-esl.pt\/BussolaEstudantil\/?attachment_id=3313\" class=\"wp-image-3313\" srcset=\"https:\/\/erasmus-esl.pt\/BussolaEstudantil\/wp-content\/uploads\/2024\/10\/Antes-do-embarque-1024x768.jpg 1024w, https:\/\/erasmus-esl.pt\/BussolaEstudantil\/wp-content\/uploads\/2024\/10\/Antes-do-embarque-300x225.jpg 300w, https:\/\/erasmus-esl.pt\/BussolaEstudantil\/wp-content\/uploads\/2024\/10\/Antes-do-embarque-768x576.jpg 768w, https:\/\/erasmus-esl.pt\/BussolaEstudantil\/wp-content\/uploads\/2024\/10\/Antes-do-embarque.jpg 1200w\" sizes=\"auto, (max-width: 1024px) 100vw, 1024px\" \/><figcaption class=\"blocks-gallery-item__caption\">Os alunos Daniela Damaschin, Lara Viegas, Santiago Santos e Tiago Ribeiro e os professores Elisabete Dias e Paulo Ribeiro no aeroporto<br>fotografia de Paulo Ribeiro<\/figcaption><\/figure><\/li><\/ul><\/figure>\n\n\n\n<figure class=\"wp-block-gallery columns-1 is-cropped wp-block-gallery-4 is-layout-flex wp-block-gallery-is-layout-flex\"><ul class=\"blocks-gallery-grid\"><li class=\"blocks-gallery-item\"><figure><img loading=\"lazy\" decoding=\"async\" width=\"1024\" height=\"759\" src=\"https:\/\/erasmus-esl.pt\/BussolaEstudantil\/wp-content\/uploads\/2024\/10\/Embarque-1024x759.jpg\" alt=\"\" data-id=\"3312\" data-full-url=\"https:\/\/erasmus-esl.pt\/BussolaEstudantil\/wp-content\/uploads\/2024\/10\/Embarque.jpg\" data-link=\"https:\/\/erasmus-esl.pt\/BussolaEstudantil\/?attachment_id=3312\" class=\"wp-image-3312\" srcset=\"https:\/\/erasmus-esl.pt\/BussolaEstudantil\/wp-content\/uploads\/2024\/10\/Embarque-1024x759.jpg 1024w, https:\/\/erasmus-esl.pt\/BussolaEstudantil\/wp-content\/uploads\/2024\/10\/Embarque-300x222.jpg 300w, https:\/\/erasmus-esl.pt\/BussolaEstudantil\/wp-content\/uploads\/2024\/10\/Embarque-768x569.jpg 768w, https:\/\/erasmus-esl.pt\/BussolaEstudantil\/wp-content\/uploads\/2024\/10\/Embarque.jpg 1381w\" sizes=\"auto, (max-width: 1024px) 100vw, 1024px\" \/><figcaption class=\"blocks-gallery-item__caption\">Os alunos Daniela Damaschin, Lara Viegas, Santiago Santos e Tiago Ribeiro e os professores Elisabete Dias e Paulo Ribeiro no momento do embarque<br>fotografia de Paulo Ribeiro<\/figcaption><\/figure><\/li><\/ul><\/figure>\n\n\n\n<p>A dedica\u00e7\u00e3o e o empenho dos nossos alunos desde o primeiro momento, com apresenta\u00e7\u00f5es apelativas sobre dois dos mais urgentes ODS: ODS 1 \u2013 Erradicar a Pobreza e ODS 13 \u2013 A\u00e7\u00e3o Clim\u00e1tica. Al\u00e9m disso, a equipa portuguesa tamb\u00e9m deu a conhecer uma das joias culturais da Pol\u00f3nia, a ic\u00f3nica Mina de Sal de Wieliczka, e os alunos do Curso Profissional de Programa\u00e7\u00e3o programaram e apresentaram uma aplica\u00e7\u00e3o Android referente ao projeto. Tudo isto perante uma audi\u00eancia internacional, incluindo colegas de Espanha, Pol\u00f3nia e Su\u00e9cia, que se mostraram muito interesse com a qualidade das interven\u00e7\u00f5es.<\/p>\n\n\n\n<figure class=\"wp-block-gallery columns-1 is-cropped wp-block-gallery-5 is-layout-flex wp-block-gallery-is-layout-flex\"><ul class=\"blocks-gallery-grid\"><li class=\"blocks-gallery-item\"><figure><img loading=\"lazy\" decoding=\"async\" width=\"1024\" height=\"771\" src=\"https:\/\/erasmus-esl.pt\/BussolaEstudantil\/wp-content\/uploads\/2024\/10\/Apresentacao_small-1024x771.jpg\" alt=\"\" data-id=\"3311\" data-full-url=\"https:\/\/erasmus-esl.pt\/BussolaEstudantil\/wp-content\/uploads\/2024\/10\/Apresentacao_small.jpg\" data-link=\"https:\/\/erasmus-esl.pt\/BussolaEstudantil\/?attachment_id=3311\" class=\"wp-image-3311\" srcset=\"https:\/\/erasmus-esl.pt\/BussolaEstudantil\/wp-content\/uploads\/2024\/10\/Apresentacao_small-1024x771.jpg 1024w, https:\/\/erasmus-esl.pt\/BussolaEstudantil\/wp-content\/uploads\/2024\/10\/Apresentacao_small-300x226.jpg 300w, https:\/\/erasmus-esl.pt\/BussolaEstudantil\/wp-content\/uploads\/2024\/10\/Apresentacao_small-768x578.jpg 768w, https:\/\/erasmus-esl.pt\/BussolaEstudantil\/wp-content\/uploads\/2024\/10\/Apresentacao_small.jpg 1195w\" sizes=\"auto, (max-width: 1024px) 100vw, 1024px\" \/><figcaption class=\"blocks-gallery-item__caption\">Os alunos Lara Viegas e  Santiago Santos fazendo a apresenta\u00e7\u00e3o de uma aplica\u00e7\u00e3o Android, em Crac\u00f3via<br>fotografia de Paulo Ribeiro<\/figcaption><\/figure><\/li><\/ul><\/figure>\n\n\n\n<figure class=\"wp-block-gallery columns-1 is-cropped wp-block-gallery-6 is-layout-flex wp-block-gallery-is-layout-flex\"><ul class=\"blocks-gallery-grid\"><li class=\"blocks-gallery-item\"><figure><img loading=\"lazy\" decoding=\"async\" width=\"1024\" height=\"683\" src=\"https:\/\/erasmus-esl.pt\/BussolaEstudantil\/wp-content\/uploads\/2024\/10\/Apresentacao-2-1024x683.jpg\" alt=\"\" data-id=\"3316\" data-full-url=\"https:\/\/erasmus-esl.pt\/BussolaEstudantil\/wp-content\/uploads\/2024\/10\/Apresentacao-2.jpg\" data-link=\"https:\/\/erasmus-esl.pt\/BussolaEstudantil\/?attachment_id=3316\" class=\"wp-image-3316\" srcset=\"https:\/\/erasmus-esl.pt\/BussolaEstudantil\/wp-content\/uploads\/2024\/10\/Apresentacao-2-1024x683.jpg 1024w, https:\/\/erasmus-esl.pt\/BussolaEstudantil\/wp-content\/uploads\/2024\/10\/Apresentacao-2-300x200.jpg 300w, https:\/\/erasmus-esl.pt\/BussolaEstudantil\/wp-content\/uploads\/2024\/10\/Apresentacao-2-768x512.jpg 768w, https:\/\/erasmus-esl.pt\/BussolaEstudantil\/wp-content\/uploads\/2024\/10\/Apresentacao-2-1536x1024.jpg 1536w, https:\/\/erasmus-esl.pt\/BussolaEstudantil\/wp-content\/uploads\/2024\/10\/Apresentacao-2.jpg 1600w\" sizes=\"auto, (max-width: 1024px) 100vw, 1024px\" \/><figcaption class=\"blocks-gallery-item__caption\">Os alunos Daniela Damaschin e Tiago Ribeiros fazendo uma apresenta\u00e7\u00e3o, em Crac\u00f3via<br>fotografia de Paulo Ribeiro<\/figcaption><\/figure><\/li><\/ul><\/figure>\n\n\n\n<p>Mas o programa n\u00e3o ficou por aqui! <br>Num esp\u00edrito de interc\u00e2mbio cultural e de partilha de conhecimentos, os alunos participaram em diversas atividades enriquecedoras, como visitas ao deslumbrante centro hist\u00f3rico de Crac\u00f3via e a um museu de arte, a prepara\u00e7\u00e3o de atividades para futuras mobilidades, e at\u00e9 a coloca\u00e7\u00e3o de uma GeoCache Portuguesa. Houve ainda tempo para uma visita a uma eco-cultura de trutas e ao magn\u00edfico Parque Nacional de Narodowy.<\/p>\n\n\n\n<figure class=\"wp-block-gallery columns-1 is-cropped wp-block-gallery-7 is-layout-flex wp-block-gallery-is-layout-flex\"><ul class=\"blocks-gallery-grid\"><li class=\"blocks-gallery-item\"><figure><img loading=\"lazy\" decoding=\"async\" width=\"1024\" height=\"683\" src=\"https:\/\/erasmus-esl.pt\/BussolaEstudantil\/wp-content\/uploads\/2024\/10\/Saida-de-campo-1024x683.jpg\" alt=\"\" data-id=\"3315\" data-full-url=\"https:\/\/erasmus-esl.pt\/BussolaEstudantil\/wp-content\/uploads\/2024\/10\/Saida-de-campo.jpg\" data-link=\"https:\/\/erasmus-esl.pt\/BussolaEstudantil\/?attachment_id=3315\" class=\"wp-image-3315\" srcset=\"https:\/\/erasmus-esl.pt\/BussolaEstudantil\/wp-content\/uploads\/2024\/10\/Saida-de-campo-1024x683.jpg 1024w, https:\/\/erasmus-esl.pt\/BussolaEstudantil\/wp-content\/uploads\/2024\/10\/Saida-de-campo-300x200.jpg 300w, https:\/\/erasmus-esl.pt\/BussolaEstudantil\/wp-content\/uploads\/2024\/10\/Saida-de-campo-768x512.jpg 768w, https:\/\/erasmus-esl.pt\/BussolaEstudantil\/wp-content\/uploads\/2024\/10\/Saida-de-campo.jpg 1350w\" sizes=\"auto, (max-width: 1024px) 100vw, 1024px\" \/><figcaption class=\"blocks-gallery-item__caption\">Fotografia de grupo durante uma das atividades<br>fotografia de Paulo Ribeiro<\/figcaption><\/figure><\/li><\/ul><\/figure>\n\n\n\n<figure class=\"wp-block-gallery columns-1 is-cropped wp-block-gallery-8 is-layout-flex wp-block-gallery-is-layout-flex\"><ul class=\"blocks-gallery-grid\"><li class=\"blocks-gallery-item\"><figure><img loading=\"lazy\" decoding=\"async\" width=\"1024\" height=\"683\" src=\"https:\/\/erasmus-esl.pt\/BussolaEstudantil\/wp-content\/uploads\/2024\/10\/Saida-de-campo-2-1024x683.jpg\" alt=\"\" data-id=\"3318\" data-full-url=\"https:\/\/erasmus-esl.pt\/BussolaEstudantil\/wp-content\/uploads\/2024\/10\/Saida-de-campo-2.jpg\" data-link=\"https:\/\/erasmus-esl.pt\/BussolaEstudantil\/?attachment_id=3318\" class=\"wp-image-3318\" srcset=\"https:\/\/erasmus-esl.pt\/BussolaEstudantil\/wp-content\/uploads\/2024\/10\/Saida-de-campo-2-1024x683.jpg 1024w, https:\/\/erasmus-esl.pt\/BussolaEstudantil\/wp-content\/uploads\/2024\/10\/Saida-de-campo-2-300x200.jpg 300w, https:\/\/erasmus-esl.pt\/BussolaEstudantil\/wp-content\/uploads\/2024\/10\/Saida-de-campo-2-768x512.jpg 768w, https:\/\/erasmus-esl.pt\/BussolaEstudantil\/wp-content\/uploads\/2024\/10\/Saida-de-campo-2-1536x1024.jpg 1536w, https:\/\/erasmus-esl.pt\/BussolaEstudantil\/wp-content\/uploads\/2024\/10\/Saida-de-campo-2.jpg 1950w\" sizes=\"auto, (max-width: 1024px) 100vw, 1024px\" \/><figcaption class=\"blocks-gallery-item__caption\">Fotografia de grupo durante uma das atividades<br>fotografia de Paulo Ribeiro<\/figcaption><\/figure><\/li><\/ul><\/figure>\n\n\n\n<figure class=\"wp-block-gallery columns-1 is-cropped wp-block-gallery-9 is-layout-flex wp-block-gallery-is-layout-flex\"><ul class=\"blocks-gallery-grid\"><li class=\"blocks-gallery-item\"><figure><img loading=\"lazy\" decoding=\"async\" width=\"1024\" height=\"683\" src=\"https:\/\/erasmus-esl.pt\/BussolaEstudantil\/wp-content\/uploads\/2024\/10\/Parque-Nacional-de-Narodowy-1024x683.jpg\" alt=\"\" data-id=\"3317\" data-full-url=\"https:\/\/erasmus-esl.pt\/BussolaEstudantil\/wp-content\/uploads\/2024\/10\/Parque-Nacional-de-Narodowy.jpg\" data-link=\"https:\/\/erasmus-esl.pt\/BussolaEstudantil\/?attachment_id=3317\" class=\"wp-image-3317\" srcset=\"https:\/\/erasmus-esl.pt\/BussolaEstudantil\/wp-content\/uploads\/2024\/10\/Parque-Nacional-de-Narodowy-1024x683.jpg 1024w, https:\/\/erasmus-esl.pt\/BussolaEstudantil\/wp-content\/uploads\/2024\/10\/Parque-Nacional-de-Narodowy-300x200.jpg 300w, https:\/\/erasmus-esl.pt\/BussolaEstudantil\/wp-content\/uploads\/2024\/10\/Parque-Nacional-de-Narodowy-768x512.jpg 768w, https:\/\/erasmus-esl.pt\/BussolaEstudantil\/wp-content\/uploads\/2024\/10\/Parque-Nacional-de-Narodowy.jpg 1350w\" sizes=\"auto, (max-width: 1024px) 100vw, 1024px\" \/><figcaption class=\"blocks-gallery-item__caption\">Fotografia de grupo no Parque Nacional de Narodowy<br>fotografia de Paulo Ribeiro<\/figcaption><\/figure><\/li><\/ul><\/figure>\n\n\n\n<p>&nbsp;Os nossos alunos n\u00e3o s\u00f3 foram aplaudidos pelo trabalho excecional que desenvolveram, mas tamb\u00e9m pelo comportamento exemplar e esp\u00edrito de uni\u00e3o que exibiram, consolidando a sua posi\u00e7\u00e3o como embaixadores da Escola Secund\u00e1ria de Loul\u00e9 e de Portugal.<\/p>\n\n\n\n<p>&nbsp;Acompanhados pelos professores Elisabete Dias e Paulo Ribeiro, que estiveram sempre ao lado dos seus alunos, toda esta experi\u00eancia foi poss\u00edvel gra\u00e7as ao financiamento da Ag\u00eancia Nacional Erasmus+ Sueca, que proporcionou uma oportunidade \u00fanica de aprendizagem e crescimento pessoal.<\/p>\n\n\n\n<p>\u00a0Esta aventura Erasmus+ em Crac\u00f3via deixou uma marca indel\u00e9vel, tanto no percurso dos alunos como no compromisso com um planeta mais sustent\u00e1vel!<\/p>\n\n\n\n<div style=\"height:20px\" aria-hidden=\"true\" class=\"wp-block-spacer\"><\/div>\n\n\n\n<hr class=\"wp-block-separator is-style-wide\"\/>\n\n\n\n<p class=\"has-small-font-size\">Texto de:<br><strong>Paulo Ribeiro<\/strong><br>Professor de Inform\u00e1tica<\/p>\n\n\n\n<div style=\"height:80px\" aria-hidden=\"true\" class=\"wp-block-spacer\"><\/div>\n<div class=\"pvc_clear\"><\/div><p id=\"pvc_stats_3310\" class=\"pvc_stats all  \" data-element-id=\"3310\" style=\"\"><i class=\"pvc-stats-icon medium\" aria-hidden=\"true\"><svg aria-hidden=\"true\" focusable=\"false\" data-prefix=\"far\" data-icon=\"chart-bar\" role=\"img\" xmlns=\"http:\/\/www.w3.org\/2000\/svg\" viewBox=\"0 0 512 512\" class=\"svg-inline--fa fa-chart-bar fa-w-16 fa-2x\"><path fill=\"currentColor\" d=\"M396.8 352h22.4c6.4 0 12.8-6.4 12.8-12.8V108.8c0-6.4-6.4-12.8-12.8-12.8h-22.4c-6.4 0-12.8 6.4-12.8 12.8v230.4c0 6.4 6.4 12.8 12.8 12.8zm-192 0h22.4c6.4 0 12.8-6.4 12.8-12.8V140.8c0-6.4-6.4-12.8-12.8-12.8h-22.4c-6.4 0-12.8 6.4-12.8 12.8v198.4c0 6.4 6.4 12.8 12.8 12.8zm96 0h22.4c6.4 0 12.8-6.4 12.8-12.8V204.8c0-6.4-6.4-12.8-12.8-12.8h-22.4c-6.4 0-12.8 6.4-12.8 12.8v134.4c0 6.4 6.4 12.8 12.8 12.8zM496 400H48V80c0-8.84-7.16-16-16-16H16C7.16 64 0 71.16 0 80v336c0 17.67 14.33 32 32 32h464c8.84 0 16-7.16 16-16v-16c0-8.84-7.16-16-16-16zm-387.2-48h22.4c6.4 0 12.8-6.4 12.8-12.8v-70.4c0-6.4-6.4-12.8-12.8-12.8h-22.4c-6.4 0-12.8 6.4-12.8 12.8v70.4c0 6.4 6.4 12.8 12.8 12.8z\" class=\"\"><\/path><\/svg><\/i> <img loading=\"lazy\" decoding=\"async\" width=\"16\" height=\"16\" alt=\"Loading\" src=\"https:\/\/erasmus-esl.pt\/BussolaEstudantil\/wp-content\/plugins\/page-views-count\/ajax-loader-2x.gif\" border=0 \/><\/p><div class=\"pvc_clear\"><\/div>","protected":false},"excerpt":{"rendered":"<p>Quatro jovens da Escola Secund\u00e1ria de Loul\u00e9, Daniela Damaschin, Lara Viegas, Santiago Santos e Tiago Ribeiro, elevaram o nome de Portugal e da Escola a um alto n\u00edvel ao participarem com entusiasmo numa mobilidade do projeto Erasmus+ &#8220;Make Earth Cool Again&#8220;, que decorreu de 30 de setembro a 5 de outubro de 2024, em Crac\u00f3via, [&hellip;]<\/p>\n<div class=\"pvc_clear\"><\/div>\n<p id=\"pvc_stats_3310\" class=\"pvc_stats all  \" data-element-id=\"3310\" style=\"\"><i class=\"pvc-stats-icon medium\" aria-hidden=\"true\"><svg aria-hidden=\"true\" focusable=\"false\" data-prefix=\"far\" data-icon=\"chart-bar\" role=\"img\" xmlns=\"http:\/\/www.w3.org\/2000\/svg\" viewBox=\"0 0 512 512\" class=\"svg-inline--fa fa-chart-bar fa-w-16 fa-2x\"><path fill=\"currentColor\" d=\"M396.8 352h22.4c6.4 0 12.8-6.4 12.8-12.8V108.8c0-6.4-6.4-12.8-12.8-12.8h-22.4c-6.4 0-12.8 6.4-12.8 12.8v230.4c0 6.4 6.4 12.8 12.8 12.8zm-192 0h22.4c6.4 0 12.8-6.4 12.8-12.8V140.8c0-6.4-6.4-12.8-12.8-12.8h-22.4c-6.4 0-12.8 6.4-12.8 12.8v198.4c0 6.4 6.4 12.8 12.8 12.8zm96 0h22.4c6.4 0 12.8-6.4 12.8-12.8V204.8c0-6.4-6.4-12.8-12.8-12.8h-22.4c-6.4 0-12.8 6.4-12.8 12.8v134.4c0 6.4 6.4 12.8 12.8 12.8zM496 400H48V80c0-8.84-7.16-16-16-16H16C7.16 64 0 71.16 0 80v336c0 17.67 14.33 32 32 32h464c8.84 0 16-7.16 16-16v-16c0-8.84-7.16-16-16-16zm-387.2-48h22.4c6.4 0 12.8-6.4 12.8-12.8v-70.4c0-6.4-6.4-12.8-12.8-12.8h-22.4c-6.4 0-12.8 6.4-12.8 12.8v70.4c0 6.4 6.4 12.8 12.8 12.8z\" class=\"\"><\/path><\/svg><\/i> <img loading=\"lazy\" decoding=\"async\" width=\"16\" height=\"16\" alt=\"Loading\" src=\"https:\/\/erasmus-esl.pt\/BussolaEstudantil\/wp-content\/plugins\/page-views-count\/ajax-loader-2x.gif\" border=0 \/><\/p>\n<div class=\"pvc_clear\"><\/div>\n","protected":false},"author":1,"featured_media":3311,"comment_status":"open","ping_status":"open","sticky":false,"template":"","format":"standard","meta":{"footnotes":""},"categories":[15,7],"tags":[],"class_list":["post-3310","post","type-post","status-publish","format-standard","has-post-thumbnail","hentry","category-erasmus","category-nos-por-la"],"_links":{"self":[{"href":"https:\/\/erasmus-esl.pt\/BussolaEstudantil\/wp-json\/wp\/v2\/posts\/3310","targetHints":{"allow":["GET"]}}],"collection":[{"href":"https:\/\/erasmus-esl.pt\/BussolaEstudantil\/wp-json\/wp\/v2\/posts"}],"about":[{"href":"https:\/\/erasmus-esl.pt\/BussolaEstudantil\/wp-json\/wp\/v2\/types\/post"}],"author":[{"embeddable":true,"href":"https:\/\/erasmus-esl.pt\/BussolaEstudantil\/wp-json\/wp\/v2\/users\/1"}],"replies":[{"embeddable":true,"href":"https:\/\/erasmus-esl.pt\/BussolaEstudantil\/wp-json\/wp\/v2\/comments?post=3310"}],"version-history":[{"count":-4,"href":"https:\/\/erasmus-esl.pt\/BussolaEstudantil\/wp-json\/wp\/v2\/posts\/3310\/revisions"}],"wp:featuredmedia":[{"embeddable":true,"href":"https:\/\/erasmus-esl.pt\/BussolaEstudantil\/wp-json\/wp\/v2\/media\/3311"}],"wp:attachment":[{"href":"https:\/\/erasmus-esl.pt\/BussolaEstudantil\/wp-json\/wp\/v2\/media?parent=3310"}],"wp:term":[{"taxonomy":"category","embeddable":true,"href":"https:\/\/erasmus-esl.pt\/BussolaEstudantil\/wp-json\/wp\/v2\/categories?post=3310"},{"taxonomy":"post_tag","embeddable":true,"href":"https:\/\/erasmus-esl.pt\/BussolaEstudantil\/wp-json\/wp\/v2\/tags?post=3310"}],"curies":[{"name":"wp","href":"https:\/\/api.w.org\/{rel}","templated":true}]}}