{"id":3183,"date":"2024-06-28T14:00:00","date_gmt":"2024-06-28T14:00:00","guid":{"rendered":"https:\/\/erasmus-esl.pt\/BussolaEstudantil\/?p=3183"},"modified":"2024-07-15T23:06:52","modified_gmt":"2024-07-15T23:06:52","slug":"viver-abril-na-educacao-caminhos-para-uma-escola-mais-plural-e-participativa","status":"publish","type":"post","link":"https:\/\/erasmus-esl.pt\/BussolaEstudantil\/blog\/2024\/06\/28\/viver-abril-na-educacao-caminhos-para-uma-escola-mais-plural-e-participativa\/","title":{"rendered":"Viver Abril na Educa\u00e7\u00e3o: Caminhos para uma Escola mais Plural e Participativa"},"content":{"rendered":"\n<figure class=\"wp-block-gallery columns-1 is-cropped wp-block-gallery-1 is-layout-flex wp-block-gallery-is-layout-flex\"><ul class=\"blocks-gallery-grid\"><li class=\"blocks-gallery-item\"><figure><img loading=\"lazy\" decoding=\"async\" width=\"719\" height=\"875\" src=\"https:\/\/erasmus-esl.pt\/BussolaEstudantil\/wp-content\/uploads\/2024\/07\/Parlamento-dos-Jovens-Foto-de-Grupo.jpg\" alt=\"\" data-id=\"3184\" data-full-url=\"https:\/\/erasmus-esl.pt\/BussolaEstudantil\/wp-content\/uploads\/2024\/07\/Parlamento-dos-Jovens-Foto-de-Grupo.jpg\" data-link=\"https:\/\/erasmus-esl.pt\/BussolaEstudantil\/?attachment_id=3184\" class=\"wp-image-3184\" srcset=\"https:\/\/erasmus-esl.pt\/BussolaEstudantil\/wp-content\/uploads\/2024\/07\/Parlamento-dos-Jovens-Foto-de-Grupo.jpg 719w, https:\/\/erasmus-esl.pt\/BussolaEstudantil\/wp-content\/uploads\/2024\/07\/Parlamento-dos-Jovens-Foto-de-Grupo-247x300.jpg 247w\" sizes=\"auto, (max-width: 719px) 100vw, 719px\" \/><figcaption class=\"blocks-gallery-item__caption\">Foto de grupo do C\u00edrculo de Faro,  e dos professores coordenadores das duas escolas, com os representantes da ESL \u00e0 esquerda (fotografia de Martim Gon\u00e7alves)<\/figcaption><\/figure><\/li><\/ul><\/figure>\n\n\n\n<p class=\"has-small-font-size\">Reportagem realizada por :<br><strong>Martim Gon\u00e7alves<\/strong><br>rep\u00f3rter da ESL e do c\u00edrculo de Faro da  Edi\u00e7\u00e3o 2023\/2024 do <strong>Parlamento dos Jovens \u2014 Ensino Secund\u00e1rio <\/strong><\/p>\n\n\n\n<p class=\"has-drop-cap\">Nos passados dias 27 e 28 de maio a Escola Secund\u00e1ria de Loul\u00e9 esteve presente na sess\u00e3o nacional do parlamento dos jovens em representa\u00e7\u00e3o do c\u00edrculo eleitoral de Faro. <br>Ao todo, foram seis, os nossos representantes. Os nossos deputados, Carolina Carvalho e Guilherme Sim\u00f5es(Loul\u00e9), Beatriz Costa e Nicole Coelho(Nobel) e tamb\u00e9m os jornalistas, Martim Gon\u00e7alves(Loul\u00e9) e Beatriz Silva(Nobel). <\/p>\n\n\n\n<p><strong>MAS AFINAL O QUE \u00c9 O PARLAMENTO DOS JOVENS?<\/strong><\/p>\n\n\n\n<p>O Parlamento dos Jovens \u00e9 um programa, promovido pela Assembleia da Rep\u00fablica, que sublinha o incentivo da participa\u00e7\u00e3o c\u00edvica e pol\u00edtica nos jovens. Este programa \u00e9 direcionado a estudantes dos Ensinos B\u00e1sico e Secund\u00e1rio e tem como objetivo principal envolver os jovens na vida democr\u00e1tica, proporcionando-lhes uma compreens\u00e3o pr\u00e1tica do funcionamento das institui\u00e7\u00f5es parlamentares portuguesas.<\/p>\n\n\n\n<p class=\"has-text-color\" style=\"color:#0278bc\"><strong>Viver Abril na Educa\u00e7\u00e3o Caminhos para uma Escola mais Plural e Participativa<\/strong><\/p>\n\n\n\n<p>Um tema que deriva dos 50 anos do 25 de abril, muito importante pela sua relev\u00e2ncia, e pela sua atualidade. Apesar de dif\u00edcil de abordar \u00e9 sempre abordado com um sentimento de gratifica\u00e7\u00e3o pela import\u00e2ncia que tem. <\/p>\n\n\n\n<p class=\"has-vivid-cyan-blue-color has-text-color\"><strong>Como tudo come\u00e7ou?<\/strong><\/p>\n\n\n\n<p>Este programa \u00e9 composto por tr\u00eas fases:<br><br><strong>Fase Distrital\/ Regional<\/strong>:<br>Nesta fase os representantes de cada escola, do seu distrito, re\u00fanem-se<br>para durante um dia inteiro debater e votar.<br>No in\u00edcio da manh\u00e3 houve uma rece\u00e7\u00e3o dos deputados e tamb\u00e9m dos<br>jornalistas presentes nessa sess\u00e3o. Ap\u00f3s a rece\u00e7\u00e3o, d\u00e1-se in\u00edcio \u00e0 sess\u00e3o.<br>Foram realizadas perguntas ao deputado convidado, Jorge Botelho.<br>Conclu\u00edda a sess\u00e3o de perguntas, cada escola apresentou as suas<br>medidas e questionaram os seus colegas deputados. No final da manh\u00e3,<br>foi votado o projeto de recomendac\u0327a\u0303o que ser\u00e1 apresentado na sessa\u0303 o<br>nacional.<br>Na parte da tarde, os deputados elegeram os representantes para a<br>Sessa\u0303o Nacional, bem como o porta-voz do distrito. A nossa aluna,<br>Carolina Carvalho foi a representante do nosso distrito.<br><br><strong>Fase Nacional<\/strong>:<br>A sess\u00e3o Nacional \u00e9 realizada em dois dias na Assembleia da Rep\u00fablica,<br>nestes longos e cansativos dias vive se uma real experi\u00eancia de como \u00e9<br>ser um deputado. A mesma ser\u00e1 abordada com mais detalhes no<br>decorrer da reportagem.<br><\/p>\n\n\n\n<p class=\"has-vivid-cyan-blue-color has-text-color\"><strong>DIA 1 (27 de maio de 2024)<\/strong><\/p>\n\n\n\n<p>O dia come\u00e7ou cedo para a Escola Secund\u00e1ria de Loul\u00e9<strong> <\/strong>pois t\u00ednhamos uma viagem muito grande pela frente. <br>O c\u00edrculo de Faro saiu \u00e0s 8:40 de Loul\u00e9, onde estava. Ao longo da viagem juntaram-se a n\u00f3s, respetivamente os c\u00edrculos de Odemira e Serpa. Chegando a Lisboa fomos recebidos com um lanche de boas vindas, mas o tempo foi nosso inimigo pois, logo em seguida os jornalistas foram separados dos deputados e seguiram \u201ccaminhos diferentes\u201d.&nbsp;<\/p>\n\n\n\n<p>Enquanto os deputados foram levados para as salas das comiss\u00f5es os jornalistas foram levados para um \u201cBriefing\u201d onde  nos foram mostrados os \u201ccantos \u00e0 casa\u201d. O ambiente foi quase sempre tomado por um grande respeito e espanto pela casa da democracia. Ap\u00f3s nos explicarem as regras de como iria funcionar a sess\u00e3o no plen\u00e1rio no dia seguinte, fomos at\u00e9 a biblioteca da Assembleia no qual foi nos mostrado onde seria a confer\u00eancia de imprensa, tamb\u00e9m no dia seguinte.&nbsp;<br><\/p>\n\n\n\n<figure class=\"wp-block-gallery columns-1 is-cropped wp-block-gallery-2 is-layout-flex wp-block-gallery-is-layout-flex\"><ul class=\"blocks-gallery-grid\"><li class=\"blocks-gallery-item\"><figure><img loading=\"lazy\" decoding=\"async\" width=\"771\" height=\"1024\" src=\"https:\/\/erasmus-esl.pt\/BussolaEstudantil\/wp-content\/uploads\/2024\/07\/Parlamento-dos-jovens-salas-das-comissoes-771x1024.jpg\" alt=\"\" data-id=\"3190\" data-full-url=\"https:\/\/erasmus-esl.pt\/BussolaEstudantil\/wp-content\/uploads\/2024\/07\/Parlamento-dos-jovens-salas-das-comissoes.jpg\" data-link=\"https:\/\/erasmus-esl.pt\/BussolaEstudantil\/?attachment_id=3190\" class=\"wp-image-3190\" srcset=\"https:\/\/erasmus-esl.pt\/BussolaEstudantil\/wp-content\/uploads\/2024\/07\/Parlamento-dos-jovens-salas-das-comissoes-771x1024.jpg 771w, https:\/\/erasmus-esl.pt\/BussolaEstudantil\/wp-content\/uploads\/2024\/07\/Parlamento-dos-jovens-salas-das-comissoes-226x300.jpg 226w, https:\/\/erasmus-esl.pt\/BussolaEstudantil\/wp-content\/uploads\/2024\/07\/Parlamento-dos-jovens-salas-das-comissoes-768x1020.jpg 768w, https:\/\/erasmus-esl.pt\/BussolaEstudantil\/wp-content\/uploads\/2024\/07\/Parlamento-dos-jovens-salas-das-comissoes.jpg 1024w\" sizes=\"auto, (max-width: 771px) 100vw, 771px\" \/><figcaption class=\"blocks-gallery-item__caption\">Trabalhos do Parlamento dos Jovens, nas salas das comiss\u00f5es<br>fotografia de Martim Gon\u00e7alves<\/figcaption><\/figure><\/li><\/ul><\/figure>\n\n\n\n<figure class=\"wp-block-gallery columns-1 is-cropped wp-block-gallery-3 is-layout-flex wp-block-gallery-is-layout-flex\"><ul class=\"blocks-gallery-grid\"><li class=\"blocks-gallery-item\"><figure><img loading=\"lazy\" decoding=\"async\" width=\"771\" height=\"1024\" src=\"https:\/\/erasmus-esl.pt\/BussolaEstudantil\/wp-content\/uploads\/2024\/07\/Parlamento-dos-jovens-salas-das-comissoes_2-771x1024.jpg\" alt=\"\" data-id=\"3191\" data-full-url=\"https:\/\/erasmus-esl.pt\/BussolaEstudantil\/wp-content\/uploads\/2024\/07\/Parlamento-dos-jovens-salas-das-comissoes_2.jpg\" data-link=\"https:\/\/erasmus-esl.pt\/BussolaEstudantil\/?attachment_id=3191\" class=\"wp-image-3191\" srcset=\"https:\/\/erasmus-esl.pt\/BussolaEstudantil\/wp-content\/uploads\/2024\/07\/Parlamento-dos-jovens-salas-das-comissoes_2-771x1024.jpg 771w, https:\/\/erasmus-esl.pt\/BussolaEstudantil\/wp-content\/uploads\/2024\/07\/Parlamento-dos-jovens-salas-das-comissoes_2-226x300.jpg 226w, https:\/\/erasmus-esl.pt\/BussolaEstudantil\/wp-content\/uploads\/2024\/07\/Parlamento-dos-jovens-salas-das-comissoes_2-768x1020.jpg 768w, https:\/\/erasmus-esl.pt\/BussolaEstudantil\/wp-content\/uploads\/2024\/07\/Parlamento-dos-jovens-salas-das-comissoes_2.jpg 1024w\" sizes=\"auto, (max-width: 771px) 100vw, 771px\" \/><figcaption class=\"blocks-gallery-item__caption\">Trabalhos do Parlamento dos Jovens, nas salas das comiss\u00f5es<br>fotografia de Martim Gon\u00e7alves<\/figcaption><\/figure><\/li><\/ul><\/figure>\n\n\n\n<p>Dada a visita guiada, seguimos para as salas de comiss\u00f5es. O c\u00edrculo eleitoral de Faro estava na comiss\u00e3o n\u00famero 4, sala n\u00famero 6, a nossa sala foi presidida pelo deputado Ros\u00e1rio Gamb\u00f4a, do Partido Socialista e a deputada Isabel Mendes Lopes, do partido LIVRE.&nbsp;<br><br><\/p>\n\n\n\n<p>As comiss\u00f5es foram bastante importantes no requisito de tomadas de decis\u00e3o, pois foi l\u00e1 onde escolheram as perguntas que seriam feitas aos deputados que estariam presentes na sess\u00e3o do dia 28 de maio. A pergunta do c\u00edrculo eleitoral de Faro foi para a deputada do PCP (Partido Comunista Portugu\u00eas). A quest\u00e3o, que ressaltava pela sua relev\u00e2ncia, constava em saber quais as principais estrat\u00e9gias que o partido da senhora deputada estaria a adotar para garantir que as prioridades e necessidades dos portugueses fossem devidamente cumpridas visto que as elei\u00e7\u00f5es europeias t\u00eam tido uma crescente import\u00e2ncia, por causa da atual conjuntura pol\u00edtica e global. <br>A verdade \u00e9 que o \u201cengenho e a arte\u201d desta vez estava do lado de Loul\u00e9 pois a capacidade de debate e argumenta\u00e7\u00e3o dos nossos deputados sobressaiu e conseguimos aprovar a maioria das nossas medidas para fazerem parte do projeto recomenda\u00e7\u00e3o final.&nbsp;<\/p>\n\n\n\n<p class=\"has-white-color has-vivid-cyan-blue-background-color has-text-color has-background\"><strong>SABIAS QUE&#8230;&nbsp;<\/strong><br><br>Ao longo da visita guiada foram-nos mostradas curiosidades sobre o parlamento, entre elas, os factos de que:&nbsp;<br>1- Nas traseiras do edif\u00edcio existe o Palacete de S\u00e3o Bento, constru\u00eddo em 1877, agora utilizado como resid\u00eancia oficial do Primeiro-Ministro.<br>2- Durante o Estado Novo n\u00e3o havia bancada do Governo porque durante o longo per\u00edodo de ditadura o Governo n\u00e3o comparecia no Parlamento.<\/p>\n\n\n\n<p class=\"has-vivid-cyan-blue-color has-text-color\"><strong>Momento cultural&nbsp;<\/strong><\/p>\n\n\n\n<p>Depois de uma longa e cansativa comiss\u00e3o os deputados e os jornalistas usufru\u00edram de um momento cultural realizado no senado onde tr\u00eas artistas encararam personagens com personalidades e caracter\u00edsticas distintas. Apesar das diferen\u00e7as entre personagens, todos tentavam resolver predominantemente um problema. Como encorajar as pessoas a votar?&nbsp;<\/p>\n\n\n\n<p>A resposta \u00e9 complexa e com v\u00e1rios pontos de vista, e o espet\u00e1culo mostra-nos isso mesmo. Apesar de um tema preocupante e s\u00e9rio este momento cultural mostrou-nos que atrav\u00e9s da arte e da com\u00e9dia tamb\u00e9m podemos chegar a solu\u00e7\u00f5es.&nbsp;<\/p>\n\n\n\n<p class=\"has-vivid-cyan-blue-color has-text-color\"><strong>Jantar e conv\u00edvio&nbsp;<\/strong><\/p>\n\n\n\n<p class=\"has-black-color has-text-color\"><br>Logo a seguir ao momento cultural, o&nbsp; jantar j\u00e1 nos esperava!&nbsp; Apesar do cansa\u00e7o, a partilha de ideias&nbsp;e o conv\u00edvio foi algo predominante&nbsp;durante o jantar. Depois disso,&nbsp;seguimos viagem para o nosso hotel.&nbsp;<\/p>\n\n\n\n<figure class=\"wp-block-gallery columns-1 is-cropped wp-block-gallery-4 is-layout-flex wp-block-gallery-is-layout-flex\"><ul class=\"blocks-gallery-grid\"><li class=\"blocks-gallery-item\"><figure><img loading=\"lazy\" decoding=\"async\" width=\"700\" height=\"934\" src=\"https:\/\/erasmus-esl.pt\/BussolaEstudantil\/wp-content\/uploads\/2024\/07\/Ida-para-o-hotel.jpg\" alt=\"\" data-id=\"3185\" data-full-url=\"https:\/\/erasmus-esl.pt\/BussolaEstudantil\/wp-content\/uploads\/2024\/07\/Ida-para-o-hotel.jpg\" data-link=\"https:\/\/erasmus-esl.pt\/BussolaEstudantil\/?attachment_id=3185\" class=\"wp-image-3185\" srcset=\"https:\/\/erasmus-esl.pt\/BussolaEstudantil\/wp-content\/uploads\/2024\/07\/Ida-para-o-hotel.jpg 700w, https:\/\/erasmus-esl.pt\/BussolaEstudantil\/wp-content\/uploads\/2024\/07\/Ida-para-o-hotel-225x300.jpg 225w\" sizes=\"auto, (max-width: 700px) 100vw, 700px\" \/><figcaption class=\"blocks-gallery-item__caption\">Momento da ida para o hotel (fotografia de Martim Gon\u00e7alves).<\/figcaption><\/figure><\/li><\/ul><\/figure>\n\n\n\n<p class=\"has-vivid-cyan-blue-color has-text-color\"><strong>DIA 2  (28  de maio de  2024)<\/strong><\/p>\n\n\n\n<p>O segundo dia come\u00e7ou, tamb\u00e9m bastante cedo para a comitiva algarvia. Apesar do sono a alegria era o sentimento mais comum na atmosfera em que os deputados e os jornalistas estavam inseridos. Ap\u00f3s um pequeno-almo\u00e7o repleto o c\u00edrculo eleitoral de faro, constitu\u00eddo pelas duas escolas algarvias, seguiram viagem para a Assembleia da Rep\u00fablica. Ao chegar o tempo para relaxar foi pouco, pois quer os jornalistas, quer os deputados foram levados at\u00e9 ao senado onde iria decorrer a sess\u00e3o solene final. <br>Num piscar de olhos a sess\u00e3o j\u00e1 tinha come\u00e7ado e o Sr. Vice-presidente da Assembleia da Rep\u00fablica, Diogo Pacheco de Amorim come\u00e7ou o seu discurso. Apesar de breve,  Pacheco de Amorim deixa uma mensagem de alerta para os jovens que, de certo modo, se interessam pela pol\u00edtica \u201cno seu sentido mais nobre\u201d. <br>Em seguida foi a vez da Sra. Ministra da Juventude e da Moderniza\u00e7\u00e3o, Margarida Balseiro Lopes. A Sra. Ministra usou o seu tempo para enaltecer o projeto, os que lutam por ele e tamb\u00e9m os que est\u00e3o inseridos no mesmo. E para terminar a abertura da sess\u00e3o solene, Manuela Tender deputada pelo partido CHEGA, agradece aos deputados e aos jornalistas pelo empenho na iniciativa e faz um apelo ao respeito e aos sonhos dos jovens ali presentes, pois os mesmos nunca devem deixar de sonhar e de perseguir os seus pr\u00f3prios sonhos. <br>Deu-se ent\u00e3o in\u00edcio a sess\u00e3o com as perguntas aos deputados. O deputado Guilherme Sim\u00f5es fez a pergunta, que tinha sido estabelecida, \u00e0 deputada do PCP (Partido Comunista Portugu\u00eas) no qual a mesma respondeu que \u201cvivemos momentos de grandes dificuldades\u201c e que \u201cn\u00e3o devemos fazer de conta\u201c. Terminou referindo que devemos defender os interesses do nosso pa\u00eds no Parlamento Europeu, essencialmente defendendo a soberania da nossa na\u00e7\u00e3o.&nbsp;<\/p>\n\n\n\n<p>Ap\u00f3s as perguntas, os jornalistas tiveram a possibilidade de entrevistar os deputados que estavam a responder \u00e0s perguntas. Aos deputados que j\u00e1 estavam presentes na sess\u00e3o de perguntas juntaram-se outros deputados como, Rui Tavares, Madalena Cordeiro, entre outros. <br>A nossa deputada algarvia,<strong> <\/strong>Jamila Madeira, que tamb\u00e9m esteve presente numa sess\u00e3o de esclarecimento na Escola Secund\u00e1ria de Loul\u00e9, escola onde estudou, fez uma pequena surpresa ao c\u00edrculo eleitoral de Faro onde fez quest\u00e3o de nos cumprimentar e perguntar como estava a ser a experi\u00eancia no parlamento.&nbsp;<\/p>\n\n\n\n<p>Outra personalidade de grande import\u00e2ncia foi a Sr. Maria Julieta Sampaio, que n\u00e3o perdeu a oportunidade de estar com os jovens que no seu projeto tanto se empenharam. O Parlamento do Jovens para o ano comemora 30 anos, e \u00e0 conversa com a ex-deputada, a mesma afirma que se planeia algo diferente e maior para a pr\u00f3xima edi\u00e7\u00e3o, ficando a quest\u00e3o<strong>, como ser\u00e1 edi\u00e7\u00e3o 2024\/2025 do Parlamento dos Jovens?<\/strong><\/p>\n\n\n\n<p>Dentro do plen\u00e1rio, j\u00e1 come\u00e7ava a segunda parte da sess\u00e3o solene, o debate do projeto de recomenda\u00e7\u00e3o \u00e0 Assembleia da Rep\u00fablica. <br>No in\u00edcio, eram 20 projetos de recomenda\u00e7\u00e3o, nos quais cada comiss\u00e3o, no dia anterior, aprovara 5 medidas, formando assim depois um \u00fanico projeto recomenda\u00e7\u00e3o com 20 medidas. Discutiu-se ent\u00e3o quais dessas 20 medidas poderiam ser eliminadas, e os deputados tiveram 20 minutos para se organizarem  e escolherem uma medida para eliminar. Ap\u00f3s a vota\u00e7\u00e3o de elimina\u00e7\u00e3o de medidas, foi tirada uma foto de grupo e, logo em seguida \u00e0 foto, era o almo\u00e7o que nos esperava.&nbsp;<\/p>\n\n\n\n<figure class=\"wp-block-gallery columns-1 is-cropped wp-block-gallery-5 is-layout-flex wp-block-gallery-is-layout-flex\"><ul class=\"blocks-gallery-grid\"><li class=\"blocks-gallery-item\"><figure><img loading=\"lazy\" decoding=\"async\" width=\"1024\" height=\"757\" src=\"https:\/\/erasmus-esl.pt\/BussolaEstudantil\/wp-content\/uploads\/2024\/07\/Parlamento-dos-Jovens-1024x757.jpg\" alt=\"\" data-id=\"3186\" data-full-url=\"https:\/\/erasmus-esl.pt\/BussolaEstudantil\/wp-content\/uploads\/2024\/07\/Parlamento-dos-Jovens.jpg\" data-link=\"https:\/\/erasmus-esl.pt\/BussolaEstudantil\/?attachment_id=3186\" class=\"wp-image-3186\" srcset=\"https:\/\/erasmus-esl.pt\/BussolaEstudantil\/wp-content\/uploads\/2024\/07\/Parlamento-dos-Jovens-1024x757.jpg 1024w, https:\/\/erasmus-esl.pt\/BussolaEstudantil\/wp-content\/uploads\/2024\/07\/Parlamento-dos-Jovens-300x222.jpg 300w, https:\/\/erasmus-esl.pt\/BussolaEstudantil\/wp-content\/uploads\/2024\/07\/Parlamento-dos-Jovens-768x568.jpg 768w, https:\/\/erasmus-esl.pt\/BussolaEstudantil\/wp-content\/uploads\/2024\/07\/Parlamento-dos-Jovens.jpg 1378w\" sizes=\"auto, (max-width: 1024px) 100vw, 1024px\" \/><figcaption class=\"blocks-gallery-item__caption\">Momento do Parlamento dos Jovens, na Assembleia da Rep\u00fablica<br>(fotografia de Martim Gon\u00e7alves)<\/figcaption><\/figure><\/li><\/ul><\/figure>\n\n\n\n<figure class=\"wp-block-gallery columns-1 is-cropped wp-block-gallery-6 is-layout-flex wp-block-gallery-is-layout-flex\"><ul class=\"blocks-gallery-grid\"><li class=\"blocks-gallery-item\"><figure><img loading=\"lazy\" decoding=\"async\" width=\"771\" height=\"1024\" src=\"https:\/\/erasmus-esl.pt\/BussolaEstudantil\/wp-content\/uploads\/2024\/07\/Parlamento-dos-Jovens2-771x1024.jpg\" alt=\"\" data-id=\"3192\" data-full-url=\"https:\/\/erasmus-esl.pt\/BussolaEstudantil\/wp-content\/uploads\/2024\/07\/Parlamento-dos-Jovens2.jpg\" data-link=\"https:\/\/erasmus-esl.pt\/BussolaEstudantil\/?attachment_id=3192\" class=\"wp-image-3192\" srcset=\"https:\/\/erasmus-esl.pt\/BussolaEstudantil\/wp-content\/uploads\/2024\/07\/Parlamento-dos-Jovens2-771x1024.jpg 771w, https:\/\/erasmus-esl.pt\/BussolaEstudantil\/wp-content\/uploads\/2024\/07\/Parlamento-dos-Jovens2-226x300.jpg 226w, https:\/\/erasmus-esl.pt\/BussolaEstudantil\/wp-content\/uploads\/2024\/07\/Parlamento-dos-Jovens2-768x1020.jpg 768w, https:\/\/erasmus-esl.pt\/BussolaEstudantil\/wp-content\/uploads\/2024\/07\/Parlamento-dos-Jovens2.jpg 1024w\" sizes=\"auto, (max-width: 771px) 100vw, 771px\" \/><figcaption class=\"blocks-gallery-item__caption\">Momento do Parlamento dos Jovens, na Assembleia da Rep\u00fablica<br>(fotografia de Martim Gon\u00e7alves)<\/figcaption><\/figure><\/li><\/ul><\/figure>\n\n\n\n<p>\u00c0 tarde, deu-se o debate sobre as medidas de elimina\u00e7\u00e3o, onde os deputados puderam argumentar a favor ou contra as medidas propostas. Enquanto os deputados come\u00e7avam o debate, os jornalistas estavam na confer\u00eancia de imprensa com \u00e0 deputada Manuela Tender. <br>O c\u00edrculo eleitoral questionou a deputada, perguntando como era para a mesma \u201cViver Abril na Educa\u00e7\u00e3o\u201d,  tendo a Sr. Deputada resumido em alguns pontos: o primeiro \u00e9 igualdade para todos, o segundo \u00e9 \u201cpermitir que todos tenham liberdade de express\u00e3o\u201d, o terceiro \u00e9 o acesso ao conhecimento e, por fim, o respeito que devemos ter uns com os outros. <br><br>No senado, a nossa deputada Beatriz Costa<strong> <\/strong>realizou o primeiro argumento a favor da proposta de elimina\u00e7\u00e3o da medida n\u00famero oito que constava numa adapta\u00e7\u00e3o das salas de aulas para alunos portadores de defici\u00eancia. A deputada argumentou que esses alunos t\u00eam o direito a \u201cn\u00e3o se sentirem socialmente exclu\u00eddos\u201d e refere ainda que nenhum de n\u00f3s gostaria de ser inserido numa \u201ccaixinha\u201d impedindo assim o contacto com outras realidades.&nbsp;<\/p>\n\n\n\n<p>O c\u00edrculo de Faro argumentou ainda a favor da elimina\u00e7\u00e3o da proposta n\u00famero 11. Carolina Carvalho<strong> <\/strong>referiu que a medida que, constava numa maior participa\u00e7\u00e3o dos alunos nos \u00f3rg\u00e3os escolares n\u00e3o era inovadora pois as institui\u00e7\u00f5es escolares j\u00e1 s\u00e3o compostas com um conselho geral, um \u201c\u00f3rg\u00e3o de soberania\u201d, referindo assim que cabe \u00e0 escola fazer a gest\u00e3o de quem participa nesse importante \u00f3rg\u00e3o de soberania. A medida defendia ainda uma reuni\u00e3o de delegados mensalmente. A deputada argumentou que o conselho geral consegue realizar essas reuni\u00f5es, sendo assim uma medida auto realiz\u00e1vel.&nbsp;<\/p>\n\n\n\n<p>Terminando a primeira ronda de debates, deu-se ent\u00e3o a segunda ronda, que constava tamb\u00e9m na vota\u00e7\u00e3o das medidas. Na segunda ronda, o c\u00edrculo eleitoral de Faro n\u00e3o se pronunciou. Foram eliminadas as medidas e o projeto recomenda\u00e7\u00e3o terminou ent\u00e3o com 12 medidas.&nbsp;<\/p>\n\n\n\n<p>Manuela Tender concluiu ent\u00e3o esta sess\u00e3o solene, reiterando aquilo que disse no princ\u00edpio da sess\u00e3o, apelando aos jovens para continuarem a \u201csonhar, porque vale sempre a pena se a alma n\u00e3o \u00e9 pequena\u201d.<br><br>Foram depois, entregues os diplomas aos deputados e, por \u00faltimo mas n\u00e3o menos importante, foi cantado o hino nacional \u201cA Portuguesa\u201d.<strong> <\/strong>Como o tema deste ano faz alus\u00e3o ao 25 de abril, foi cantada ainda como homenagem o tema \u201cGr\u00e2ndola Vila Morena\u201d<\/p>\n\n\n\n<p><strong>\u201c A LUTA CONTINUA\u201d<\/strong>&nbsp;<\/p>\n\n\n\n<p>Terminou assim mais um ano do projeto Parlamento dos Jovens. <br>E, como somos todos uma grande equipa, h\u00e1 que agradecer,  disse-o a nossa porta-voz, aos que n\u00e3o conseguiram estar na sess\u00e3o Nacional. <br>Apesar de ser um projeto muito longo, desgastante e cansativo, o Parlamento dos Jovens ensina-nos muitas li\u00e7\u00f5es, ensina-nos a trabalhar em grupo, a liderar, a debater, argumentar e tamb\u00e9m a enfrentar os nossos medos, sempre de cabe\u00e7a erguida e com os nossos olhos postos no futuro, n\u00e3o s\u00f3 da nossa escola ou do nosso distrito, mas sim de Portugal, dos portugueses (e tamb\u00e9m dos jovens portugueses). <br>Este t\u00e3o importante projeto revive a ideia de que nada est\u00e1 perdido, pois mostra que os jovens ainda n\u00e3o desistiram e que ainda continuam a lutar. <br>A nossa estudante, Carolina Carvalho, referiu no seu discurso final \u201cA luta continua\u201d, e sim, continuar\u00e1, pois a Escola Secund\u00e1ria de Loul\u00e9, e os seus estudantes, lutam sempre em prol de um pa\u00eds melhor e de um futuro repleto para os nossos jovens.<\/p>\n\n\n\n<div style=\"height:80px\" aria-hidden=\"true\" class=\"wp-block-spacer\"><\/div>\n<div class=\"pvc_clear\"><\/div><p id=\"pvc_stats_3183\" class=\"pvc_stats all  \" data-element-id=\"3183\" style=\"\"><i class=\"pvc-stats-icon medium\" aria-hidden=\"true\"><svg aria-hidden=\"true\" focusable=\"false\" data-prefix=\"far\" data-icon=\"chart-bar\" role=\"img\" xmlns=\"http:\/\/www.w3.org\/2000\/svg\" viewBox=\"0 0 512 512\" class=\"svg-inline--fa fa-chart-bar fa-w-16 fa-2x\"><path fill=\"currentColor\" d=\"M396.8 352h22.4c6.4 0 12.8-6.4 12.8-12.8V108.8c0-6.4-6.4-12.8-12.8-12.8h-22.4c-6.4 0-12.8 6.4-12.8 12.8v230.4c0 6.4 6.4 12.8 12.8 12.8zm-192 0h22.4c6.4 0 12.8-6.4 12.8-12.8V140.8c0-6.4-6.4-12.8-12.8-12.8h-22.4c-6.4 0-12.8 6.4-12.8 12.8v198.4c0 6.4 6.4 12.8 12.8 12.8zm96 0h22.4c6.4 0 12.8-6.4 12.8-12.8V204.8c0-6.4-6.4-12.8-12.8-12.8h-22.4c-6.4 0-12.8 6.4-12.8 12.8v134.4c0 6.4 6.4 12.8 12.8 12.8zM496 400H48V80c0-8.84-7.16-16-16-16H16C7.16 64 0 71.16 0 80v336c0 17.67 14.33 32 32 32h464c8.84 0 16-7.16 16-16v-16c0-8.84-7.16-16-16-16zm-387.2-48h22.4c6.4 0 12.8-6.4 12.8-12.8v-70.4c0-6.4-6.4-12.8-12.8-12.8h-22.4c-6.4 0-12.8 6.4-12.8 12.8v70.4c0 6.4 6.4 12.8 12.8 12.8z\" class=\"\"><\/path><\/svg><\/i> <img loading=\"lazy\" decoding=\"async\" width=\"16\" height=\"16\" alt=\"Loading\" src=\"https:\/\/erasmus-esl.pt\/BussolaEstudantil\/wp-content\/plugins\/page-views-count\/ajax-loader-2x.gif\" border=0 \/><\/p><div class=\"pvc_clear\"><\/div>","protected":false},"excerpt":{"rendered":"<p>Reportagem realizada por :Martim Gon\u00e7alvesrep\u00f3rter da ESL e do c\u00edrculo de Faro da Edi\u00e7\u00e3o 2023\/2024 do Parlamento dos Jovens \u2014 Ensino Secund\u00e1rio Nos passados dias 27 e 28 de maio a Escola Secund\u00e1ria de Loul\u00e9 esteve presente na sess\u00e3o nacional do parlamento dos jovens em representa\u00e7\u00e3o do c\u00edrculo eleitoral de Faro. Ao todo, foram seis, [&hellip;]<\/p>\n<div class=\"pvc_clear\"><\/div>\n<p id=\"pvc_stats_3183\" class=\"pvc_stats all  \" data-element-id=\"3183\" style=\"\"><i class=\"pvc-stats-icon medium\" aria-hidden=\"true\"><svg aria-hidden=\"true\" focusable=\"false\" data-prefix=\"far\" data-icon=\"chart-bar\" role=\"img\" xmlns=\"http:\/\/www.w3.org\/2000\/svg\" viewBox=\"0 0 512 512\" class=\"svg-inline--fa fa-chart-bar fa-w-16 fa-2x\"><path fill=\"currentColor\" d=\"M396.8 352h22.4c6.4 0 12.8-6.4 12.8-12.8V108.8c0-6.4-6.4-12.8-12.8-12.8h-22.4c-6.4 0-12.8 6.4-12.8 12.8v230.4c0 6.4 6.4 12.8 12.8 12.8zm-192 0h22.4c6.4 0 12.8-6.4 12.8-12.8V140.8c0-6.4-6.4-12.8-12.8-12.8h-22.4c-6.4 0-12.8 6.4-12.8 12.8v198.4c0 6.4 6.4 12.8 12.8 12.8zm96 0h22.4c6.4 0 12.8-6.4 12.8-12.8V204.8c0-6.4-6.4-12.8-12.8-12.8h-22.4c-6.4 0-12.8 6.4-12.8 12.8v134.4c0 6.4 6.4 12.8 12.8 12.8zM496 400H48V80c0-8.84-7.16-16-16-16H16C7.16 64 0 71.16 0 80v336c0 17.67 14.33 32 32 32h464c8.84 0 16-7.16 16-16v-16c0-8.84-7.16-16-16-16zm-387.2-48h22.4c6.4 0 12.8-6.4 12.8-12.8v-70.4c0-6.4-6.4-12.8-12.8-12.8h-22.4c-6.4 0-12.8 6.4-12.8 12.8v70.4c0 6.4 6.4 12.8 12.8 12.8z\" class=\"\"><\/path><\/svg><\/i> <img loading=\"lazy\" decoding=\"async\" width=\"16\" height=\"16\" alt=\"Loading\" src=\"https:\/\/erasmus-esl.pt\/BussolaEstudantil\/wp-content\/plugins\/page-views-count\/ajax-loader-2x.gif\" border=0 \/><\/p>\n<div class=\"pvc_clear\"><\/div>\n","protected":false},"author":1,"featured_media":3184,"comment_status":"open","ping_status":"open","sticky":false,"template":"","format":"standard","meta":{"footnotes":""},"categories":[7],"tags":[],"class_list":["post-3183","post","type-post","status-publish","format-standard","has-post-thumbnail","hentry","category-nos-por-la"],"_links":{"self":[{"href":"https:\/\/erasmus-esl.pt\/BussolaEstudantil\/wp-json\/wp\/v2\/posts\/3183","targetHints":{"allow":["GET"]}}],"collection":[{"href":"https:\/\/erasmus-esl.pt\/BussolaEstudantil\/wp-json\/wp\/v2\/posts"}],"about":[{"href":"https:\/\/erasmus-esl.pt\/BussolaEstudantil\/wp-json\/wp\/v2\/types\/post"}],"author":[{"embeddable":true,"href":"https:\/\/erasmus-esl.pt\/BussolaEstudantil\/wp-json\/wp\/v2\/users\/1"}],"replies":[{"embeddable":true,"href":"https:\/\/erasmus-esl.pt\/BussolaEstudantil\/wp-json\/wp\/v2\/comments?post=3183"}],"version-history":[{"count":1,"href":"https:\/\/erasmus-esl.pt\/BussolaEstudantil\/wp-json\/wp\/v2\/posts\/3183\/revisions"}],"predecessor-version":[{"id":3213,"href":"https:\/\/erasmus-esl.pt\/BussolaEstudantil\/wp-json\/wp\/v2\/posts\/3183\/revisions\/3213"}],"wp:featuredmedia":[{"embeddable":true,"href":"https:\/\/erasmus-esl.pt\/BussolaEstudantil\/wp-json\/wp\/v2\/media\/3184"}],"wp:attachment":[{"href":"https:\/\/erasmus-esl.pt\/BussolaEstudantil\/wp-json\/wp\/v2\/media?parent=3183"}],"wp:term":[{"taxonomy":"category","embeddable":true,"href":"https:\/\/erasmus-esl.pt\/BussolaEstudantil\/wp-json\/wp\/v2\/categories?post=3183"},{"taxonomy":"post_tag","embeddable":true,"href":"https:\/\/erasmus-esl.pt\/BussolaEstudantil\/wp-json\/wp\/v2\/tags?post=3183"}],"curies":[{"name":"wp","href":"https:\/\/api.w.org\/{rel}","templated":true}]}}