{"id":3069,"date":"2024-05-29T11:21:16","date_gmt":"2024-05-29T11:21:16","guid":{"rendered":"https:\/\/erasmus-esl.pt\/BussolaEstudantil\/?p=3069"},"modified":"2024-05-31T13:01:11","modified_gmt":"2024-05-31T13:01:11","slug":"eva-emidio-aluna-da-esl-e-a-nova-campea-nacional-de-btt-xco-do-desporto-escolar","status":"publish","type":"post","link":"https:\/\/erasmus-esl.pt\/BussolaEstudantil\/blog\/2024\/05\/29\/eva-emidio-aluna-da-esl-e-a-nova-campea-nacional-de-btt-xco-do-desporto-escolar\/","title":{"rendered":"Eva Em\u00eddio, aluna da ESL, \u00e9 a nova campe\u00e3 nacional de BTT-XCO do Desporto Escolar"},"content":{"rendered":"\n<figure class=\"wp-block-gallery columns-1 is-cropped wp-block-gallery-1 is-layout-flex wp-block-gallery-is-layout-flex\"><ul class=\"blocks-gallery-grid\"><li class=\"blocks-gallery-item\"><figure><img loading=\"lazy\" decoding=\"async\" width=\"600\" height=\"509\" src=\"https:\/\/erasmus-esl.pt\/BussolaEstudantil\/wp-content\/uploads\/2024\/05\/BTT-Desporto-Escolar.jpg\" alt=\"\" data-id=\"3070\" data-full-url=\"https:\/\/erasmus-esl.pt\/BussolaEstudantil\/wp-content\/uploads\/2024\/05\/BTT-Desporto-Escolar.jpg\" data-link=\"https:\/\/erasmus-esl.pt\/BussolaEstudantil\/?attachment_id=3070\" class=\"wp-image-3070\" srcset=\"https:\/\/erasmus-esl.pt\/BussolaEstudantil\/wp-content\/uploads\/2024\/05\/BTT-Desporto-Escolar.jpg 600w, https:\/\/erasmus-esl.pt\/BussolaEstudantil\/wp-content\/uploads\/2024\/05\/BTT-Desporto-Escolar-300x255.jpg 300w\" sizes=\"auto, (max-width: 600px) 100vw, 600px\" \/><\/figure><\/li><\/ul><\/figure>\n\n\n\n<p class=\"has-drop-cap\">A aluna Eva Em\u00eddio venceu a prova nacional de BTT-XCO do Desporto Escolar realizada em Lagoa.<\/p>\n\n\n\n<p>Os Campeonatos Nacionais do Desporto Escolar, no escal\u00e3o de juvenis,, decorreram em Lagoa, nos passados dias 23, 24, 25 e 26 de maio,  e juntaram alunos de escolas de todo o pa\u00eds.<\/p>\n\n\n\n<p>Foram 4 dias de muita divers\u00e3o e conv\u00edvio, com o natural destaque a ser dado \u00e0 realiza\u00e7\u00e3o das finais nacionais de diversas modalidades desportivas.<\/p>\n\n\n\n<p>A Escola Secund\u00e1ria de Loul\u00e9 fez-se representar nas modalidades de T\u00e9nis de Mesa, Boccia e BTT-XCO com destaque para os resultados alcan\u00e7ados nesta \u00faltima.<\/p>\n\n\n\n<p>A Eva Em\u00eddio, aluna do 10.\u00baJ,  venceu a prova feminina, assumindo a lideran\u00e7a da prova do princ\u00edpio ao fim, n\u00e3o dando qualquer hip\u00f3tese \u00e0s advers\u00e1rias. Daniela Silva, tamb\u00e9m da ESL, conseguiu um excelente 3.\u00ba lugar na mesma prova, enquanto que o aluno  Rafael Lar\u00f3 alcan\u00e7ou o 6.\u00ba lugar na prova masculina.<\/p>\n\n\n\n<p>Acrescente-se que a Eva Em\u00eddio, para al\u00e9m de ter conquistado o <em>jersey<\/em> de campe\u00e3 nacional, j\u00e1 tinha conseguido o mesmo feito na prova regional.<\/p>\n\n\n\n<div style=\"height:20px\" aria-hidden=\"true\" class=\"wp-block-spacer\"><\/div>\n\n\n\n<hr class=\"wp-block-separator is-style-wide\"\/>\n\n\n\n<p class=\"has-small-font-size\">texto de:<br><strong>Rui Medina<\/strong> <br>Professor de Educa\u00e7\u00e3o F\u00edsica | Coordenador do Desporto Escolar<\/p>\n\n\n\n<div style=\"height:80px\" aria-hidden=\"true\" class=\"wp-block-spacer\"><\/div>\n<div class=\"pvc_clear\"><\/div><p id=\"pvc_stats_3069\" class=\"pvc_stats all  \" data-element-id=\"3069\" style=\"\"><i class=\"pvc-stats-icon medium\" aria-hidden=\"true\"><svg aria-hidden=\"true\" focusable=\"false\" data-prefix=\"far\" data-icon=\"chart-bar\" role=\"img\" xmlns=\"http:\/\/www.w3.org\/2000\/svg\" viewBox=\"0 0 512 512\" class=\"svg-inline--fa fa-chart-bar fa-w-16 fa-2x\"><path fill=\"currentColor\" d=\"M396.8 352h22.4c6.4 0 12.8-6.4 12.8-12.8V108.8c0-6.4-6.4-12.8-12.8-12.8h-22.4c-6.4 0-12.8 6.4-12.8 12.8v230.4c0 6.4 6.4 12.8 12.8 12.8zm-192 0h22.4c6.4 0 12.8-6.4 12.8-12.8V140.8c0-6.4-6.4-12.8-12.8-12.8h-22.4c-6.4 0-12.8 6.4-12.8 12.8v198.4c0 6.4 6.4 12.8 12.8 12.8zm96 0h22.4c6.4 0 12.8-6.4 12.8-12.8V204.8c0-6.4-6.4-12.8-12.8-12.8h-22.4c-6.4 0-12.8 6.4-12.8 12.8v134.4c0 6.4 6.4 12.8 12.8 12.8zM496 400H48V80c0-8.84-7.16-16-16-16H16C7.16 64 0 71.16 0 80v336c0 17.67 14.33 32 32 32h464c8.84 0 16-7.16 16-16v-16c0-8.84-7.16-16-16-16zm-387.2-48h22.4c6.4 0 12.8-6.4 12.8-12.8v-70.4c0-6.4-6.4-12.8-12.8-12.8h-22.4c-6.4 0-12.8 6.4-12.8 12.8v70.4c0 6.4 6.4 12.8 12.8 12.8z\" class=\"\"><\/path><\/svg><\/i> <img loading=\"lazy\" decoding=\"async\" width=\"16\" height=\"16\" alt=\"Loading\" src=\"https:\/\/erasmus-esl.pt\/BussolaEstudantil\/wp-content\/plugins\/page-views-count\/ajax-loader-2x.gif\" border=0 \/><\/p><div class=\"pvc_clear\"><\/div>","protected":false},"excerpt":{"rendered":"<p>A aluna Eva Em\u00eddio venceu a prova nacional de BTT-XCO do Desporto Escolar realizada em Lagoa. Os Campeonatos Nacionais do Desporto Escolar, no escal\u00e3o de juvenis,, decorreram em Lagoa, nos passados dias 23, 24, 25 e 26 de maio, e juntaram alunos de escolas de todo o pa\u00eds. Foram 4 dias de muita divers\u00e3o e [&hellip;]<\/p>\n<div class=\"pvc_clear\"><\/div>\n<p id=\"pvc_stats_3069\" class=\"pvc_stats all  \" data-element-id=\"3069\" style=\"\"><i class=\"pvc-stats-icon medium\" aria-hidden=\"true\"><svg aria-hidden=\"true\" focusable=\"false\" data-prefix=\"far\" data-icon=\"chart-bar\" role=\"img\" xmlns=\"http:\/\/www.w3.org\/2000\/svg\" viewBox=\"0 0 512 512\" class=\"svg-inline--fa fa-chart-bar fa-w-16 fa-2x\"><path fill=\"currentColor\" d=\"M396.8 352h22.4c6.4 0 12.8-6.4 12.8-12.8V108.8c0-6.4-6.4-12.8-12.8-12.8h-22.4c-6.4 0-12.8 6.4-12.8 12.8v230.4c0 6.4 6.4 12.8 12.8 12.8zm-192 0h22.4c6.4 0 12.8-6.4 12.8-12.8V140.8c0-6.4-6.4-12.8-12.8-12.8h-22.4c-6.4 0-12.8 6.4-12.8 12.8v198.4c0 6.4 6.4 12.8 12.8 12.8zm96 0h22.4c6.4 0 12.8-6.4 12.8-12.8V204.8c0-6.4-6.4-12.8-12.8-12.8h-22.4c-6.4 0-12.8 6.4-12.8 12.8v134.4c0 6.4 6.4 12.8 12.8 12.8zM496 400H48V80c0-8.84-7.16-16-16-16H16C7.16 64 0 71.16 0 80v336c0 17.67 14.33 32 32 32h464c8.84 0 16-7.16 16-16v-16c0-8.84-7.16-16-16-16zm-387.2-48h22.4c6.4 0 12.8-6.4 12.8-12.8v-70.4c0-6.4-6.4-12.8-12.8-12.8h-22.4c-6.4 0-12.8 6.4-12.8 12.8v70.4c0 6.4 6.4 12.8 12.8 12.8z\" class=\"\"><\/path><\/svg><\/i> <img loading=\"lazy\" decoding=\"async\" width=\"16\" height=\"16\" alt=\"Loading\" src=\"https:\/\/erasmus-esl.pt\/BussolaEstudantil\/wp-content\/plugins\/page-views-count\/ajax-loader-2x.gif\" border=0 \/><\/p>\n<div class=\"pvc_clear\"><\/div>\n","protected":false},"author":1,"featured_media":3070,"comment_status":"open","ping_status":"open","sticky":false,"template":"","format":"standard","meta":{"footnotes":""},"categories":[18,7],"tags":[],"class_list":["post-3069","post","type-post","status-publish","format-standard","has-post-thumbnail","hentry","category-desporto","category-nos-por-la"],"_links":{"self":[{"href":"https:\/\/erasmus-esl.pt\/BussolaEstudantil\/wp-json\/wp\/v2\/posts\/3069","targetHints":{"allow":["GET"]}}],"collection":[{"href":"https:\/\/erasmus-esl.pt\/BussolaEstudantil\/wp-json\/wp\/v2\/posts"}],"about":[{"href":"https:\/\/erasmus-esl.pt\/BussolaEstudantil\/wp-json\/wp\/v2\/types\/post"}],"author":[{"embeddable":true,"href":"https:\/\/erasmus-esl.pt\/BussolaEstudantil\/wp-json\/wp\/v2\/users\/1"}],"replies":[{"embeddable":true,"href":"https:\/\/erasmus-esl.pt\/BussolaEstudantil\/wp-json\/wp\/v2\/comments?post=3069"}],"version-history":[{"count":-3,"href":"https:\/\/erasmus-esl.pt\/BussolaEstudantil\/wp-json\/wp\/v2\/posts\/3069\/revisions"}],"wp:featuredmedia":[{"embeddable":true,"href":"https:\/\/erasmus-esl.pt\/BussolaEstudantil\/wp-json\/wp\/v2\/media\/3070"}],"wp:attachment":[{"href":"https:\/\/erasmus-esl.pt\/BussolaEstudantil\/wp-json\/wp\/v2\/media?parent=3069"}],"wp:term":[{"taxonomy":"category","embeddable":true,"href":"https:\/\/erasmus-esl.pt\/BussolaEstudantil\/wp-json\/wp\/v2\/categories?post=3069"},{"taxonomy":"post_tag","embeddable":true,"href":"https:\/\/erasmus-esl.pt\/BussolaEstudantil\/wp-json\/wp\/v2\/tags?post=3069"}],"curies":[{"name":"wp","href":"https:\/\/api.w.org\/{rel}","templated":true}]}}