{"id":2981,"date":"2024-05-13T14:00:52","date_gmt":"2024-05-13T14:00:52","guid":{"rendered":"https:\/\/erasmus-esl.pt\/BussolaEstudantil\/?p=2981"},"modified":"2024-05-31T13:07:49","modified_gmt":"2024-05-31T13:07:49","slug":"equipa-da-esl-em-terceiro-lugar-no-concurso-de-programacao-topas-sul","status":"publish","type":"post","link":"https:\/\/erasmus-esl.pt\/BussolaEstudantil\/blog\/2024\/05\/13\/equipa-da-esl-em-terceiro-lugar-no-concurso-de-programacao-topas-sul\/","title":{"rendered":"Equipa da ESL em terceiro lugar no concurso de programa\u00e7\u00e3o Topas Sul"},"content":{"rendered":"\n<figure class=\"wp-block-gallery columns-1 is-cropped wp-block-gallery-1 is-layout-flex wp-block-gallery-is-layout-flex\"><ul class=\"blocks-gallery-grid\"><li class=\"blocks-gallery-item\"><figure><img loading=\"lazy\" decoding=\"async\" width=\"1024\" height=\"648\" src=\"https:\/\/erasmus-esl.pt\/BussolaEstudantil\/wp-content\/uploads\/2024\/05\/terceiro-lugar-1024x648.jpg\" alt=\"\" data-id=\"2982\" data-full-url=\"https:\/\/erasmus-esl.pt\/BussolaEstudantil\/wp-content\/uploads\/2024\/05\/terceiro-lugar.jpg\" data-link=\"https:\/\/erasmus-esl.pt\/BussolaEstudantil\/?attachment_id=2982\" class=\"wp-image-2982\" srcset=\"https:\/\/erasmus-esl.pt\/BussolaEstudantil\/wp-content\/uploads\/2024\/05\/terceiro-lugar-1024x648.jpg 1024w, https:\/\/erasmus-esl.pt\/BussolaEstudantil\/wp-content\/uploads\/2024\/05\/terceiro-lugar-300x190.jpg 300w, https:\/\/erasmus-esl.pt\/BussolaEstudantil\/wp-content\/uploads\/2024\/05\/terceiro-lugar-768x486.jpg 768w, https:\/\/erasmus-esl.pt\/BussolaEstudantil\/wp-content\/uploads\/2024\/05\/terceiro-lugar-1536x971.jpg 1536w, https:\/\/erasmus-esl.pt\/BussolaEstudantil\/wp-content\/uploads\/2024\/05\/terceiro-lugar.jpg 1842w\" sizes=\"auto, (max-width: 1024px) 100vw, 1024px\" \/><figcaption class=\"blocks-gallery-item__caption\">A professora Elisabete Dias com a equipa \u201c<em><strong>Team dif<\/strong><\/em><strong><em>f<\/em><\/strong>\u201d.<br>fotografia da Professora Margarida Madeira e Moura  da Universidade do Algarve<\/figcaption><\/figure><\/li><\/ul><\/figure>\n\n\n\n<div style=\"height:20px\" aria-hidden=\"true\" class=\"wp-block-spacer\"><\/div>\n\n\n\n<p class=\"has-drop-cap\">Os alunos Lara Viegas, Raul Vilela e Santiagos Santos do 11.\u00ba ano, do curso Programador de Inform\u00e1tica da Escola Secund\u00e1ria de Loul\u00e9, alcan\u00e7aram o terceiro lugar na edi\u00e7\u00e3o de 2024 do<a rel=\"noreferrer noopener\" href=\"https:\/\/www.ualg.pt\/topas-sul-2019\" target=\"_blank\"> Concurso de Programa\u00e7\u00e3o Topas Sul.<\/a> <\/p>\n\n\n\n<p>Este ano, a iniciativa contou com a participa\u00e7\u00e3o de 12 equipas e decorreu no dia 10 de maio, no Departamento de Engenharia Eletr\u00f3nica e Inform\u00e1tica da Faculdade de Ci\u00eancias e Tecnologia da Universidade do Algarve, em Gambelas. <\/p>\n\n\n\n<p>O concurso \u00e9 organizado em parceria com o Departamento de Ci\u00eancia de Computadores, da Faculdade de Ci\u00eancias da Universidade do Porto. Os alunos participaram com a equipa \u201c<em><strong>Team dif<\/strong><\/em><strong><em>f<\/em><\/strong>\u201d e escolheram como linguagem o JAVA, para resolverem durante um per\u00edodo de 4 horas os oito desafios de programa\u00e7\u00e3o propostos no concurso. Os alunos Afonso Martins, David Scaletchi e Leandro Mendes, pertencentes ao mesmo curso, tamb\u00e9m participaram na prova com a equipa \u201c<strong>Patrulha Python<\/strong>\u201d, obtendo um diploma de participa\u00e7\u00e3o.<\/p>\n\n\n\n<figure class=\"wp-block-gallery columns-1 is-cropped wp-block-gallery-2 is-layout-flex wp-block-gallery-is-layout-flex\"><ul class=\"blocks-gallery-grid\"><li class=\"blocks-gallery-item\"><figure><img loading=\"lazy\" decoding=\"async\" width=\"1024\" height=\"768\" src=\"https:\/\/erasmus-esl.pt\/BussolaEstudantil\/wp-content\/uploads\/2024\/05\/topas-Sul-1024x768.jpg\" alt=\"\" data-id=\"2984\" data-full-url=\"https:\/\/erasmus-esl.pt\/BussolaEstudantil\/wp-content\/uploads\/2024\/05\/topas-Sul.jpg\" data-link=\"https:\/\/erasmus-esl.pt\/BussolaEstudantil\/?attachment_id=2984\" class=\"wp-image-2984\" srcset=\"https:\/\/erasmus-esl.pt\/BussolaEstudantil\/wp-content\/uploads\/2024\/05\/topas-Sul-1024x768.jpg 1024w, https:\/\/erasmus-esl.pt\/BussolaEstudantil\/wp-content\/uploads\/2024\/05\/topas-Sul-300x225.jpg 300w, https:\/\/erasmus-esl.pt\/BussolaEstudantil\/wp-content\/uploads\/2024\/05\/topas-Sul-768x576.jpg 768w, https:\/\/erasmus-esl.pt\/BussolaEstudantil\/wp-content\/uploads\/2024\/05\/topas-Sul.jpg 1200w\" sizes=\"auto, (max-width: 1024px) 100vw, 1024px\" \/><figcaption class=\"blocks-gallery-item__caption\">A professora Elisabete Dias com as duas equipas da ESL.<br>fotografia de Orlando Mendon\u00e7a, &nbsp;professor da escola Pinheiro e Rosa de Faro.<\/figcaption><\/figure><\/li><\/ul><\/figure>\n\n\n\n<p>Ambas as equipas foram acompanhadas pela professora Elisabete Dias.<\/p>\n\n\n\n<div style=\"height:20px\" aria-hidden=\"true\" class=\"wp-block-spacer\"><\/div>\n\n\n\n<hr class=\"wp-block-separator is-style-wide\"\/>\n\n\n\n<p class=\"has-small-font-size\">Texto de:<br><strong>Elisabete Dias <\/strong><br>Professora de Inform\u00e1tica<\/p>\n\n\n\n<div style=\"height:80px\" aria-hidden=\"true\" class=\"wp-block-spacer\"><\/div>\n<div class=\"pvc_clear\"><\/div><p id=\"pvc_stats_2981\" class=\"pvc_stats all  \" data-element-id=\"2981\" style=\"\"><i class=\"pvc-stats-icon medium\" aria-hidden=\"true\"><svg aria-hidden=\"true\" focusable=\"false\" data-prefix=\"far\" data-icon=\"chart-bar\" role=\"img\" xmlns=\"http:\/\/www.w3.org\/2000\/svg\" viewBox=\"0 0 512 512\" class=\"svg-inline--fa fa-chart-bar fa-w-16 fa-2x\"><path fill=\"currentColor\" d=\"M396.8 352h22.4c6.4 0 12.8-6.4 12.8-12.8V108.8c0-6.4-6.4-12.8-12.8-12.8h-22.4c-6.4 0-12.8 6.4-12.8 12.8v230.4c0 6.4 6.4 12.8 12.8 12.8zm-192 0h22.4c6.4 0 12.8-6.4 12.8-12.8V140.8c0-6.4-6.4-12.8-12.8-12.8h-22.4c-6.4 0-12.8 6.4-12.8 12.8v198.4c0 6.4 6.4 12.8 12.8 12.8zm96 0h22.4c6.4 0 12.8-6.4 12.8-12.8V204.8c0-6.4-6.4-12.8-12.8-12.8h-22.4c-6.4 0-12.8 6.4-12.8 12.8v134.4c0 6.4 6.4 12.8 12.8 12.8zM496 400H48V80c0-8.84-7.16-16-16-16H16C7.16 64 0 71.16 0 80v336c0 17.67 14.33 32 32 32h464c8.84 0 16-7.16 16-16v-16c0-8.84-7.16-16-16-16zm-387.2-48h22.4c6.4 0 12.8-6.4 12.8-12.8v-70.4c0-6.4-6.4-12.8-12.8-12.8h-22.4c-6.4 0-12.8 6.4-12.8 12.8v70.4c0 6.4 6.4 12.8 12.8 12.8z\" class=\"\"><\/path><\/svg><\/i> <img loading=\"lazy\" decoding=\"async\" width=\"16\" height=\"16\" alt=\"Loading\" src=\"https:\/\/erasmus-esl.pt\/BussolaEstudantil\/wp-content\/plugins\/page-views-count\/ajax-loader-2x.gif\" border=0 \/><\/p><div class=\"pvc_clear\"><\/div>","protected":false},"excerpt":{"rendered":"<p>Os alunos Lara Viegas, Raul Vilela e Santiagos Santos do 11.\u00ba ano, do curso Programador de Inform\u00e1tica da Escola Secund\u00e1ria de Loul\u00e9, alcan\u00e7aram o terceiro lugar na edi\u00e7\u00e3o de 2024 do Concurso de Programa\u00e7\u00e3o Topas Sul. Este ano, a iniciativa contou com a participa\u00e7\u00e3o de 12 equipas e decorreu no dia 10 de maio, no [&hellip;]<\/p>\n<div class=\"pvc_clear\"><\/div>\n<p id=\"pvc_stats_2981\" class=\"pvc_stats all  \" data-element-id=\"2981\" style=\"\"><i class=\"pvc-stats-icon medium\" aria-hidden=\"true\"><svg aria-hidden=\"true\" focusable=\"false\" data-prefix=\"far\" data-icon=\"chart-bar\" role=\"img\" xmlns=\"http:\/\/www.w3.org\/2000\/svg\" viewBox=\"0 0 512 512\" class=\"svg-inline--fa fa-chart-bar fa-w-16 fa-2x\"><path fill=\"currentColor\" d=\"M396.8 352h22.4c6.4 0 12.8-6.4 12.8-12.8V108.8c0-6.4-6.4-12.8-12.8-12.8h-22.4c-6.4 0-12.8 6.4-12.8 12.8v230.4c0 6.4 6.4 12.8 12.8 12.8zm-192 0h22.4c6.4 0 12.8-6.4 12.8-12.8V140.8c0-6.4-6.4-12.8-12.8-12.8h-22.4c-6.4 0-12.8 6.4-12.8 12.8v198.4c0 6.4 6.4 12.8 12.8 12.8zm96 0h22.4c6.4 0 12.8-6.4 12.8-12.8V204.8c0-6.4-6.4-12.8-12.8-12.8h-22.4c-6.4 0-12.8 6.4-12.8 12.8v134.4c0 6.4 6.4 12.8 12.8 12.8zM496 400H48V80c0-8.84-7.16-16-16-16H16C7.16 64 0 71.16 0 80v336c0 17.67 14.33 32 32 32h464c8.84 0 16-7.16 16-16v-16c0-8.84-7.16-16-16-16zm-387.2-48h22.4c6.4 0 12.8-6.4 12.8-12.8v-70.4c0-6.4-6.4-12.8-12.8-12.8h-22.4c-6.4 0-12.8 6.4-12.8 12.8v70.4c0 6.4 6.4 12.8 12.8 12.8z\" class=\"\"><\/path><\/svg><\/i> <img loading=\"lazy\" decoding=\"async\" width=\"16\" height=\"16\" alt=\"Loading\" src=\"https:\/\/erasmus-esl.pt\/BussolaEstudantil\/wp-content\/plugins\/page-views-count\/ajax-loader-2x.gif\" border=0 \/><\/p>\n<div class=\"pvc_clear\"><\/div>\n","protected":false},"author":1,"featured_media":2983,"comment_status":"open","ping_status":"open","sticky":false,"template":"","format":"standard","meta":{"footnotes":""},"categories":[5,7],"tags":[],"class_list":["post-2981","post","type-post","status-publish","format-standard","has-post-thumbnail","hentry","category-nos","category-nos-por-la"],"_links":{"self":[{"href":"https:\/\/erasmus-esl.pt\/BussolaEstudantil\/wp-json\/wp\/v2\/posts\/2981","targetHints":{"allow":["GET"]}}],"collection":[{"href":"https:\/\/erasmus-esl.pt\/BussolaEstudantil\/wp-json\/wp\/v2\/posts"}],"about":[{"href":"https:\/\/erasmus-esl.pt\/BussolaEstudantil\/wp-json\/wp\/v2\/types\/post"}],"author":[{"embeddable":true,"href":"https:\/\/erasmus-esl.pt\/BussolaEstudantil\/wp-json\/wp\/v2\/users\/1"}],"replies":[{"embeddable":true,"href":"https:\/\/erasmus-esl.pt\/BussolaEstudantil\/wp-json\/wp\/v2\/comments?post=2981"}],"version-history":[{"count":0,"href":"https:\/\/erasmus-esl.pt\/BussolaEstudantil\/wp-json\/wp\/v2\/posts\/2981\/revisions"}],"wp:featuredmedia":[{"embeddable":true,"href":"https:\/\/erasmus-esl.pt\/BussolaEstudantil\/wp-json\/wp\/v2\/media\/2983"}],"wp:attachment":[{"href":"https:\/\/erasmus-esl.pt\/BussolaEstudantil\/wp-json\/wp\/v2\/media?parent=2981"}],"wp:term":[{"taxonomy":"category","embeddable":true,"href":"https:\/\/erasmus-esl.pt\/BussolaEstudantil\/wp-json\/wp\/v2\/categories?post=2981"},{"taxonomy":"post_tag","embeddable":true,"href":"https:\/\/erasmus-esl.pt\/BussolaEstudantil\/wp-json\/wp\/v2\/tags?post=2981"}],"curies":[{"name":"wp","href":"https:\/\/api.w.org\/{rel}","templated":true}]}}