{"id":2704,"date":"2024-03-12T15:29:39","date_gmt":"2024-03-12T15:29:39","guid":{"rendered":"https:\/\/erasmus-esl.pt\/BussolaEstudantil\/?p=2704"},"modified":"2024-05-31T13:23:04","modified_gmt":"2024-05-31T13:23:04","slug":"equipa-de-corta-mato-da-escola-secundaria-de-loule-sagra-se-campea-nacional-do-desporto-escolar","status":"publish","type":"post","link":"https:\/\/erasmus-esl.pt\/BussolaEstudantil\/blog\/2024\/03\/12\/equipa-de-corta-mato-da-escola-secundaria-de-loule-sagra-se-campea-nacional-do-desporto-escolar\/","title":{"rendered":"Equipa de corta-mato da Escola Secund\u00e1ria de Loul\u00e9 sagra-se campe\u00e3 nacional do Desporto Escolar"},"content":{"rendered":"\n<div style=\"height:20px\" aria-hidden=\"true\" class=\"wp-block-spacer\"><\/div>\n\n\n\n<figure class=\"wp-block-gallery columns-1 is-cropped wp-block-gallery-1 is-layout-flex wp-block-gallery-is-layout-flex\"><ul class=\"blocks-gallery-grid\"><li class=\"blocks-gallery-item\"><figure><img loading=\"lazy\" decoding=\"async\" width=\"771\" height=\"1024\" src=\"https:\/\/erasmus-esl.pt\/BussolaEstudantil\/wp-content\/uploads\/2024\/03\/facebook_1710242061525_7173275119622848778-771x1024.jpg\" alt=\"\" data-id=\"2706\" data-full-url=\"https:\/\/erasmus-esl.pt\/BussolaEstudantil\/wp-content\/uploads\/2024\/03\/facebook_1710242061525_7173275119622848778.jpg\" data-link=\"https:\/\/erasmus-esl.pt\/BussolaEstudantil\/?attachment_id=2706\" class=\"wp-image-2706\" srcset=\"https:\/\/erasmus-esl.pt\/BussolaEstudantil\/wp-content\/uploads\/2024\/03\/facebook_1710242061525_7173275119622848778-771x1024.jpg 771w, https:\/\/erasmus-esl.pt\/BussolaEstudantil\/wp-content\/uploads\/2024\/03\/facebook_1710242061525_7173275119622848778-226x300.jpg 226w, https:\/\/erasmus-esl.pt\/BussolaEstudantil\/wp-content\/uploads\/2024\/03\/facebook_1710242061525_7173275119622848778-768x1020.jpg 768w, https:\/\/erasmus-esl.pt\/BussolaEstudantil\/wp-content\/uploads\/2024\/03\/facebook_1710242061525_7173275119622848778.jpg 1080w\" sizes=\"auto, (max-width: 771px) 100vw, 771px\" \/><figcaption class=\"blocks-gallery-item__caption\">Fotografia de Rui Medina<\/figcaption><\/figure><\/li><\/ul><\/figure>\n\n\n\n<p class=\"has-drop-cap\">Depois de ter vencido o regional de corta-mato, a equipa da Escola Secund\u00e1ria de Loul\u00e9 venceu a prova nacional, realizada no passado dia 9 de mar\u00e7o na cidade de Set\u00fabal. <\/p>\n\n\n\n<p>A nossa equipa, constitu\u00edda pelos alunos Vicente Afonso (29.\u00ba), Filipe Palma (52.\u00ba), Angel Lopez (56.\u00ba) e Martim Horta (59.\u00ba), conseguiu ultrapassar as condi\u00e7\u00f5es bastante adversas que enfrentou , vencendo as suas 28 advers\u00e1rias oriundas de todas as regi\u00f5es de Portugal. O muito frio e o vento que se faziam sentir n\u00e3o desanimaram os nossos atletas, com todos eles a conseguirem excelentes presta\u00e7\u00f5es, numa pista que se apresentou muito pesada com a muita lama que cobria toda a sua extens\u00e3o. No final do evento a alegria era muita, conseguindo um feito nunca antes conseguido para a nossa escola: sermos Campe\u00f5es Nacionais de Corta-Mato.<br>Parab\u00e9ns aos nossos campe\u00f5es!<\/p>\n\n\n\n<div style=\"height:80px\" aria-hidden=\"true\" class=\"wp-block-spacer\"><\/div>\n\n\n\n<hr class=\"wp-block-separator is-style-wide\"\/>\n\n\n\n<p class=\"has-small-font-size\">Texto de:<br><strong>Rui Medina <\/strong><br>Professor de educa\u00e7\u00e3o F\u00edsica<\/p>\n\n\n\n<div style=\"height:80px\" aria-hidden=\"true\" class=\"wp-block-spacer\"><\/div>\n<div class=\"pvc_clear\"><\/div><p id=\"pvc_stats_2704\" class=\"pvc_stats all  \" data-element-id=\"2704\" style=\"\"><i class=\"pvc-stats-icon medium\" aria-hidden=\"true\"><svg aria-hidden=\"true\" focusable=\"false\" data-prefix=\"far\" data-icon=\"chart-bar\" role=\"img\" xmlns=\"http:\/\/www.w3.org\/2000\/svg\" viewBox=\"0 0 512 512\" class=\"svg-inline--fa fa-chart-bar fa-w-16 fa-2x\"><path fill=\"currentColor\" d=\"M396.8 352h22.4c6.4 0 12.8-6.4 12.8-12.8V108.8c0-6.4-6.4-12.8-12.8-12.8h-22.4c-6.4 0-12.8 6.4-12.8 12.8v230.4c0 6.4 6.4 12.8 12.8 12.8zm-192 0h22.4c6.4 0 12.8-6.4 12.8-12.8V140.8c0-6.4-6.4-12.8-12.8-12.8h-22.4c-6.4 0-12.8 6.4-12.8 12.8v198.4c0 6.4 6.4 12.8 12.8 12.8zm96 0h22.4c6.4 0 12.8-6.4 12.8-12.8V204.8c0-6.4-6.4-12.8-12.8-12.8h-22.4c-6.4 0-12.8 6.4-12.8 12.8v134.4c0 6.4 6.4 12.8 12.8 12.8zM496 400H48V80c0-8.84-7.16-16-16-16H16C7.16 64 0 71.16 0 80v336c0 17.67 14.33 32 32 32h464c8.84 0 16-7.16 16-16v-16c0-8.84-7.16-16-16-16zm-387.2-48h22.4c6.4 0 12.8-6.4 12.8-12.8v-70.4c0-6.4-6.4-12.8-12.8-12.8h-22.4c-6.4 0-12.8 6.4-12.8 12.8v70.4c0 6.4 6.4 12.8 12.8 12.8z\" class=\"\"><\/path><\/svg><\/i> <img loading=\"lazy\" decoding=\"async\" width=\"16\" height=\"16\" alt=\"Loading\" src=\"https:\/\/erasmus-esl.pt\/BussolaEstudantil\/wp-content\/plugins\/page-views-count\/ajax-loader-2x.gif\" border=0 \/><\/p><div class=\"pvc_clear\"><\/div>","protected":false},"excerpt":{"rendered":"<p>Depois de ter vencido o regional de corta-mato, a equipa da Escola Secund\u00e1ria de Loul\u00e9 venceu a prova nacional, realizada no passado dia 9 de mar\u00e7o na cidade de Set\u00fabal. A nossa equipa, constitu\u00edda pelos alunos Vicente Afonso (29.\u00ba), Filipe Palma (52.\u00ba), Angel Lopez (56.\u00ba) e Martim Horta (59.\u00ba), conseguiu ultrapassar as condi\u00e7\u00f5es bastante adversas [&hellip;]<\/p>\n<div class=\"pvc_clear\"><\/div>\n<p id=\"pvc_stats_2704\" class=\"pvc_stats all  \" data-element-id=\"2704\" style=\"\"><i class=\"pvc-stats-icon medium\" aria-hidden=\"true\"><svg aria-hidden=\"true\" focusable=\"false\" data-prefix=\"far\" data-icon=\"chart-bar\" role=\"img\" xmlns=\"http:\/\/www.w3.org\/2000\/svg\" viewBox=\"0 0 512 512\" class=\"svg-inline--fa fa-chart-bar fa-w-16 fa-2x\"><path fill=\"currentColor\" d=\"M396.8 352h22.4c6.4 0 12.8-6.4 12.8-12.8V108.8c0-6.4-6.4-12.8-12.8-12.8h-22.4c-6.4 0-12.8 6.4-12.8 12.8v230.4c0 6.4 6.4 12.8 12.8 12.8zm-192 0h22.4c6.4 0 12.8-6.4 12.8-12.8V140.8c0-6.4-6.4-12.8-12.8-12.8h-22.4c-6.4 0-12.8 6.4-12.8 12.8v198.4c0 6.4 6.4 12.8 12.8 12.8zm96 0h22.4c6.4 0 12.8-6.4 12.8-12.8V204.8c0-6.4-6.4-12.8-12.8-12.8h-22.4c-6.4 0-12.8 6.4-12.8 12.8v134.4c0 6.4 6.4 12.8 12.8 12.8zM496 400H48V80c0-8.84-7.16-16-16-16H16C7.16 64 0 71.16 0 80v336c0 17.67 14.33 32 32 32h464c8.84 0 16-7.16 16-16v-16c0-8.84-7.16-16-16-16zm-387.2-48h22.4c6.4 0 12.8-6.4 12.8-12.8v-70.4c0-6.4-6.4-12.8-12.8-12.8h-22.4c-6.4 0-12.8 6.4-12.8 12.8v70.4c0 6.4 6.4 12.8 12.8 12.8z\" class=\"\"><\/path><\/svg><\/i> <img loading=\"lazy\" decoding=\"async\" width=\"16\" height=\"16\" alt=\"Loading\" src=\"https:\/\/erasmus-esl.pt\/BussolaEstudantil\/wp-content\/plugins\/page-views-count\/ajax-loader-2x.gif\" border=0 \/><\/p>\n<div class=\"pvc_clear\"><\/div>\n","protected":false},"author":1,"featured_media":2706,"comment_status":"open","ping_status":"open","sticky":false,"template":"","format":"standard","meta":{"footnotes":""},"categories":[18,5,7],"tags":[],"class_list":["post-2704","post","type-post","status-publish","format-standard","has-post-thumbnail","hentry","category-desporto","category-nos","category-nos-por-la"],"_links":{"self":[{"href":"https:\/\/erasmus-esl.pt\/BussolaEstudantil\/wp-json\/wp\/v2\/posts\/2704","targetHints":{"allow":["GET"]}}],"collection":[{"href":"https:\/\/erasmus-esl.pt\/BussolaEstudantil\/wp-json\/wp\/v2\/posts"}],"about":[{"href":"https:\/\/erasmus-esl.pt\/BussolaEstudantil\/wp-json\/wp\/v2\/types\/post"}],"author":[{"embeddable":true,"href":"https:\/\/erasmus-esl.pt\/BussolaEstudantil\/wp-json\/wp\/v2\/users\/1"}],"replies":[{"embeddable":true,"href":"https:\/\/erasmus-esl.pt\/BussolaEstudantil\/wp-json\/wp\/v2\/comments?post=2704"}],"version-history":[{"count":3,"href":"https:\/\/erasmus-esl.pt\/BussolaEstudantil\/wp-json\/wp\/v2\/posts\/2704\/revisions"}],"predecessor-version":[{"id":3113,"href":"https:\/\/erasmus-esl.pt\/BussolaEstudantil\/wp-json\/wp\/v2\/posts\/2704\/revisions\/3113"}],"wp:featuredmedia":[{"embeddable":true,"href":"https:\/\/erasmus-esl.pt\/BussolaEstudantil\/wp-json\/wp\/v2\/media\/2706"}],"wp:attachment":[{"href":"https:\/\/erasmus-esl.pt\/BussolaEstudantil\/wp-json\/wp\/v2\/media?parent=2704"}],"wp:term":[{"taxonomy":"category","embeddable":true,"href":"https:\/\/erasmus-esl.pt\/BussolaEstudantil\/wp-json\/wp\/v2\/categories?post=2704"},{"taxonomy":"post_tag","embeddable":true,"href":"https:\/\/erasmus-esl.pt\/BussolaEstudantil\/wp-json\/wp\/v2\/tags?post=2704"}],"curies":[{"name":"wp","href":"https:\/\/api.w.org\/{rel}","templated":true}]}}