{"id":2248,"date":"2023-12-23T14:10:10","date_gmt":"2023-12-23T14:10:10","guid":{"rendered":"https:\/\/erasmus-esl.pt\/BussolaEstudantil\/?p=2248"},"modified":"2024-01-26T13:39:19","modified_gmt":"2024-01-26T13:39:19","slug":"erasmu-ka1-alunos-da-esl-realizam-fct-na-lituania","status":"publish","type":"post","link":"https:\/\/erasmus-esl.pt\/BussolaEstudantil\/blog\/2023\/12\/23\/erasmu-ka1-alunos-da-esl-realizam-fct-na-lituania\/","title":{"rendered":"Erasmu+ KA1 &#8211; Alunos da ESL realizam FCT na Litu\u00e2nia"},"content":{"rendered":"\n<figure class=\"wp-block-image size-large\"><img loading=\"lazy\" decoding=\"async\" width=\"1024\" height=\"771\" src=\"https:\/\/erasmus-esl.pt\/BussolaEstudantil\/wp-content\/uploads\/2023\/12\/xIMG_20231209_045241-min-1024x771.jpg\" alt=\"\" class=\"wp-image-2249\" srcset=\"https:\/\/erasmus-esl.pt\/BussolaEstudantil\/wp-content\/uploads\/2023\/12\/xIMG_20231209_045241-min-1024x771.jpg 1024w, https:\/\/erasmus-esl.pt\/BussolaEstudantil\/wp-content\/uploads\/2023\/12\/xIMG_20231209_045241-min-300x226.jpg 300w, https:\/\/erasmus-esl.pt\/BussolaEstudantil\/wp-content\/uploads\/2023\/12\/xIMG_20231209_045241-min-768x578.jpg 768w, https:\/\/erasmus-esl.pt\/BussolaEstudantil\/wp-content\/uploads\/2023\/12\/xIMG_20231209_045241-min-1536x1157.jpg 1536w, https:\/\/erasmus-esl.pt\/BussolaEstudantil\/wp-content\/uploads\/2023\/12\/xIMG_20231209_045241-min-2048x1542.jpg 2048w\" sizes=\"auto, (max-width: 1024px) 100vw, 1024px\" \/><\/figure>\n\n\n\n<p>No passado dia 9 de dezembro, deu-se o arranque da mobilidade de alunos inserida no abrangente projeto Erasmus+ KA1 &#8220;Acredita\u00e7\u00e3o Erasmus+ de Educa\u00e7\u00e3o Profissional para Educa\u00e7\u00e3o Escolar e Treino.&#8221; Este projeto est\u00e1 identificado pelo n\u00famero 2020-1-PT01-KA120-VET-094711 e intitulado &#8220;Acredita\u00e7\u00e3o KA121 Erasmus+ 2021-2027,&#8221; operando sob o n\u00famero anual do projeto 2023-1-PT01-KA121-VET-000118102. <\/p>\n\n\n\n<figure class=\"wp-block-image size-large\"><img loading=\"lazy\" decoding=\"async\" width=\"1024\" height=\"771\" src=\"https:\/\/erasmus-esl.pt\/BussolaEstudantil\/wp-content\/uploads\/2023\/12\/xIMG_20231210_131328-min-1024x771.jpg\" alt=\"\" class=\"wp-image-2250\" srcset=\"https:\/\/erasmus-esl.pt\/BussolaEstudantil\/wp-content\/uploads\/2023\/12\/xIMG_20231210_131328-min-1024x771.jpg 1024w, https:\/\/erasmus-esl.pt\/BussolaEstudantil\/wp-content\/uploads\/2023\/12\/xIMG_20231210_131328-min-300x226.jpg 300w, https:\/\/erasmus-esl.pt\/BussolaEstudantil\/wp-content\/uploads\/2023\/12\/xIMG_20231210_131328-min-768x578.jpg 768w, https:\/\/erasmus-esl.pt\/BussolaEstudantil\/wp-content\/uploads\/2023\/12\/xIMG_20231210_131328-min-1536x1157.jpg 1536w, https:\/\/erasmus-esl.pt\/BussolaEstudantil\/wp-content\/uploads\/2023\/12\/xIMG_20231210_131328-min-2048x1542.jpg 2048w\" sizes=\"auto, (max-width: 1024px) 100vw, 1024px\" \/><\/figure>\n\n\n\n<p>Os participantes desta experi\u00eancia formativa incluem Bruno Sim\u00e3o o e Pedro Amaro do 12\u00baZi,&nbsp;este \u00faltimo impossibilitado de se deslocar devido a motivos de sa\u00fade devidamente justificados. Juntam-se a ele, Arturo Movsesyan, Leandro Mendes, Tom\u00e1s Pifaro, Lara Viegas, Raul Vilela e Santiago Santos do 11\u00baUi, ambos os curso relacionado com a Inform\u00e1tica e a Programa\u00e7\u00e3o. A sele\u00e7\u00e3o dos estudantes obedeceu a crit\u00e9rios pedag\u00f3gicos previamente estabelecidos e aprovados em sede pr\u00f3pria. Todo o detalhe acerca do projeto e da mobilidade est\u00e1 acess\u00edvel nos websites divulgados na p\u00e1gina principal da institui\u00e7\u00e3o, sob o log\u00f3tipo da Acredita\u00e7\u00e3o KA121, apresentado em Ingl\u00eas e Portugu\u00eas (Ingl\u00eas &#8211;&nbsp;<a rel=\"noreferrer noopener\" href=\"https:\/\/sites.google.com\/es-loule.edu.pt\/projecterasmusltes\/home?authuser=0&amp;fbclid=IwAR05ZzXg85uVDoT2F5ayB2UmqpC_tcz1DJSCHHmgFWMOQvhhBBBErTMLV4U\" target=\"_blank\">https:\/\/sites.google.com\/es&#8230;\/projecterasmusltes\/home&#8230;<\/a>&nbsp;e em Portugu\u00eas &#8211;&nbsp;<a rel=\"noreferrer noopener\" href=\"https:\/\/sites.google.com\/es-loule.edu.pt\/acreditao-esl-ka121\/2023-2024-litu%C3%A2nia?authuser=0&amp;fbclid=IwAR0cWA-NSNKWpMzu1nc0_fw4sfZdESqsczr-fVWoe5KdL44Fk3E0gCt7fqI\" target=\"_blank\">https:\/\/sites.google.com\/&#8230;\/2023-2024-litu%C3%A2nia&#8230;<\/a>). <\/p>\n\n\n\n<figure class=\"wp-block-gallery columns-1 is-cropped wp-block-gallery-1 is-layout-flex wp-block-gallery-is-layout-flex\"><ul class=\"blocks-gallery-grid\"><li class=\"blocks-gallery-item\"><figure><img loading=\"lazy\" decoding=\"async\" width=\"771\" height=\"1024\" src=\"https:\/\/erasmus-esl.pt\/BussolaEstudantil\/wp-content\/uploads\/2023\/12\/xIMG_20231210_122918-min-771x1024.jpg\" alt=\"\" data-id=\"2251\" data-full-url=\"https:\/\/erasmus-esl.pt\/BussolaEstudantil\/wp-content\/uploads\/2023\/12\/xIMG_20231210_122918-min-scaled.jpg\" data-link=\"https:\/\/erasmus-esl.pt\/BussolaEstudantil\/?attachment_id=2251\" class=\"wp-image-2251\" srcset=\"https:\/\/erasmus-esl.pt\/BussolaEstudantil\/wp-content\/uploads\/2023\/12\/xIMG_20231210_122918-min-771x1024.jpg 771w, https:\/\/erasmus-esl.pt\/BussolaEstudantil\/wp-content\/uploads\/2023\/12\/xIMG_20231210_122918-min-226x300.jpg 226w, https:\/\/erasmus-esl.pt\/BussolaEstudantil\/wp-content\/uploads\/2023\/12\/xIMG_20231210_122918-min-768x1020.jpg 768w, https:\/\/erasmus-esl.pt\/BussolaEstudantil\/wp-content\/uploads\/2023\/12\/xIMG_20231210_122918-min-1157x1536.jpg 1157w, https:\/\/erasmus-esl.pt\/BussolaEstudantil\/wp-content\/uploads\/2023\/12\/xIMG_20231210_122918-min-1542x2048.jpg 1542w, https:\/\/erasmus-esl.pt\/BussolaEstudantil\/wp-content\/uploads\/2023\/12\/xIMG_20231210_122918-min-scaled.jpg 1928w\" sizes=\"auto, (max-width: 771px) 100vw, 771px\" \/><\/figure><\/li><\/ul><\/figure>\n\n\n\n<figure class=\"wp-block-image size-large\"><img loading=\"lazy\" decoding=\"async\" width=\"1024\" height=\"759\" src=\"https:\/\/erasmus-esl.pt\/BussolaEstudantil\/wp-content\/uploads\/2023\/12\/xIMG_20231210_123309-min-1024x759.jpg\" alt=\"\" class=\"wp-image-2252\" srcset=\"https:\/\/erasmus-esl.pt\/BussolaEstudantil\/wp-content\/uploads\/2023\/12\/xIMG_20231210_123309-min-1024x759.jpg 1024w, https:\/\/erasmus-esl.pt\/BussolaEstudantil\/wp-content\/uploads\/2023\/12\/xIMG_20231210_123309-min-300x222.jpg 300w, https:\/\/erasmus-esl.pt\/BussolaEstudantil\/wp-content\/uploads\/2023\/12\/xIMG_20231210_123309-min-768x569.jpg 768w, https:\/\/erasmus-esl.pt\/BussolaEstudantil\/wp-content\/uploads\/2023\/12\/xIMG_20231210_123309-min-1536x1139.jpg 1536w, https:\/\/erasmus-esl.pt\/BussolaEstudantil\/wp-content\/uploads\/2023\/12\/xIMG_20231210_123309-min-2048x1518.jpg 2048w\" sizes=\"auto, (max-width: 1024px) 100vw, 1024px\" \/><\/figure>\n\n\n\n<p>Importa sublinhar que os alunos foram devidamente preparados antes da mobilidade. A complexa log\u00edstica envolvendo viagem, alojamento, seguros, refei\u00e7\u00f5es, visitas, desloca\u00e7\u00f5es internas, encontros com parceiros, etc, para a Forma\u00e7\u00e3o em Contexto de Trabalho (FCT) e documenta\u00e7\u00e3o essencial foi meticulosamente tratada pelos professores respons\u00e1veis, nomeadamente o Prof. Duarte Duarte e o Prof. Paulo Ribeiro. Estes acompanharam os alunos durante todo o per\u00edodo, de 9 a 14 de dezembro presencialmente no restante do tempo via meios de comunica\u00e7\u00e3o digitais. <\/p>\n\n\n\n<figure class=\"wp-block-image size-large\"><img loading=\"lazy\" decoding=\"async\" width=\"759\" height=\"1024\" src=\"https:\/\/erasmus-esl.pt\/BussolaEstudantil\/wp-content\/uploads\/2023\/12\/xIMG_20231210_124046-min-759x1024.jpg\" alt=\"\" class=\"wp-image-2253\" srcset=\"https:\/\/erasmus-esl.pt\/BussolaEstudantil\/wp-content\/uploads\/2023\/12\/xIMG_20231210_124046-min-759x1024.jpg 759w, https:\/\/erasmus-esl.pt\/BussolaEstudantil\/wp-content\/uploads\/2023\/12\/xIMG_20231210_124046-min-222x300.jpg 222w, https:\/\/erasmus-esl.pt\/BussolaEstudantil\/wp-content\/uploads\/2023\/12\/xIMG_20231210_124046-min-768x1036.jpg 768w, https:\/\/erasmus-esl.pt\/BussolaEstudantil\/wp-content\/uploads\/2023\/12\/xIMG_20231210_124046-min-1139x1536.jpg 1139w, https:\/\/erasmus-esl.pt\/BussolaEstudantil\/wp-content\/uploads\/2023\/12\/xIMG_20231210_124046-min-1518x2048.jpg 1518w, https:\/\/erasmus-esl.pt\/BussolaEstudantil\/wp-content\/uploads\/2023\/12\/xIMG_20231210_124046-min-scaled.jpg 1898w\" sizes=\"auto, (max-width: 759px) 100vw, 759px\" \/><\/figure>\n\n\n\n<p>Atualmente, os estudantes encontram-se em pleno desenvolvimento da sua FCT na cidade de Kaunas, na Litu\u00e2nia, com regresso previsto para o dia 6 de janeiro, na companhia do Professor J\u00falio Ribeiro. Curiosidade: encontr\u00e1mos no Aeroporto de Faro o nosso ex-aluno @Pedro Machadinho, que realizou a sua FCT h\u00e1 10 anos tamb\u00e9m na Litu\u00e2nia. \u00c9 imperativo salientar que todas as despesas associadas a esta experi\u00eancia formativa est\u00e3o a ser suportadas pelo Projeto Erasmus+, atrav\u00e9s da Ag\u00eancia Nacional Portuguesa.<\/p>\n\n\n\n<figure class=\"wp-block-image size-large\"><img loading=\"lazy\" decoding=\"async\" width=\"1024\" height=\"771\" src=\"https:\/\/erasmus-esl.pt\/BussolaEstudantil\/wp-content\/uploads\/2023\/12\/xIMG_20231212_102626-min-1024x771.jpg\" alt=\"\" class=\"wp-image-2254\" srcset=\"https:\/\/erasmus-esl.pt\/BussolaEstudantil\/wp-content\/uploads\/2023\/12\/xIMG_20231212_102626-min-1024x771.jpg 1024w, https:\/\/erasmus-esl.pt\/BussolaEstudantil\/wp-content\/uploads\/2023\/12\/xIMG_20231212_102626-min-300x226.jpg 300w, https:\/\/erasmus-esl.pt\/BussolaEstudantil\/wp-content\/uploads\/2023\/12\/xIMG_20231212_102626-min-768x578.jpg 768w, https:\/\/erasmus-esl.pt\/BussolaEstudantil\/wp-content\/uploads\/2023\/12\/xIMG_20231212_102626-min-1536x1157.jpg 1536w, https:\/\/erasmus-esl.pt\/BussolaEstudantil\/wp-content\/uploads\/2023\/12\/xIMG_20231212_102626-min-2048x1542.jpg 2048w\" sizes=\"auto, (max-width: 1024px) 100vw, 1024px\" \/><\/figure>\n\n\n\n<figure class=\"wp-block-image size-large\"><img loading=\"lazy\" decoding=\"async\" width=\"1024\" height=\"768\" src=\"https:\/\/erasmus-esl.pt\/BussolaEstudantil\/wp-content\/uploads\/2023\/12\/xIMG_20231211_111414-min-1024x768.jpg\" alt=\"\" class=\"wp-image-2255\" srcset=\"https:\/\/erasmus-esl.pt\/BussolaEstudantil\/wp-content\/uploads\/2023\/12\/xIMG_20231211_111414-min-1024x768.jpg 1024w, https:\/\/erasmus-esl.pt\/BussolaEstudantil\/wp-content\/uploads\/2023\/12\/xIMG_20231211_111414-min-300x225.jpg 300w, https:\/\/erasmus-esl.pt\/BussolaEstudantil\/wp-content\/uploads\/2023\/12\/xIMG_20231211_111414-min-768x576.jpg 768w, https:\/\/erasmus-esl.pt\/BussolaEstudantil\/wp-content\/uploads\/2023\/12\/xIMG_20231211_111414-min-1536x1152.jpg 1536w, https:\/\/erasmus-esl.pt\/BussolaEstudantil\/wp-content\/uploads\/2023\/12\/xIMG_20231211_111414-min-2048x1536.jpg 2048w\" sizes=\"auto, (max-width: 1024px) 100vw, 1024px\" \/><\/figure>\n\n\n\n<p>Autor: Professor Paulo Ribeiro <\/p>\n\n\n\n<p><\/p>\n<div class=\"pvc_clear\"><\/div><p id=\"pvc_stats_2248\" class=\"pvc_stats all  \" data-element-id=\"2248\" style=\"\"><i class=\"pvc-stats-icon medium\" aria-hidden=\"true\"><svg aria-hidden=\"true\" focusable=\"false\" data-prefix=\"far\" data-icon=\"chart-bar\" role=\"img\" xmlns=\"http:\/\/www.w3.org\/2000\/svg\" viewBox=\"0 0 512 512\" class=\"svg-inline--fa fa-chart-bar fa-w-16 fa-2x\"><path fill=\"currentColor\" d=\"M396.8 352h22.4c6.4 0 12.8-6.4 12.8-12.8V108.8c0-6.4-6.4-12.8-12.8-12.8h-22.4c-6.4 0-12.8 6.4-12.8 12.8v230.4c0 6.4 6.4 12.8 12.8 12.8zm-192 0h22.4c6.4 0 12.8-6.4 12.8-12.8V140.8c0-6.4-6.4-12.8-12.8-12.8h-22.4c-6.4 0-12.8 6.4-12.8 12.8v198.4c0 6.4 6.4 12.8 12.8 12.8zm96 0h22.4c6.4 0 12.8-6.4 12.8-12.8V204.8c0-6.4-6.4-12.8-12.8-12.8h-22.4c-6.4 0-12.8 6.4-12.8 12.8v134.4c0 6.4 6.4 12.8 12.8 12.8zM496 400H48V80c0-8.84-7.16-16-16-16H16C7.16 64 0 71.16 0 80v336c0 17.67 14.33 32 32 32h464c8.84 0 16-7.16 16-16v-16c0-8.84-7.16-16-16-16zm-387.2-48h22.4c6.4 0 12.8-6.4 12.8-12.8v-70.4c0-6.4-6.4-12.8-12.8-12.8h-22.4c-6.4 0-12.8 6.4-12.8 12.8v70.4c0 6.4 6.4 12.8 12.8 12.8z\" class=\"\"><\/path><\/svg><\/i> <img loading=\"lazy\" decoding=\"async\" width=\"16\" height=\"16\" alt=\"Loading\" src=\"https:\/\/erasmus-esl.pt\/BussolaEstudantil\/wp-content\/plugins\/page-views-count\/ajax-loader-2x.gif\" border=0 \/><\/p><div class=\"pvc_clear\"><\/div>","protected":false},"excerpt":{"rendered":"<p>No passado dia 9 de dezembro, deu-se o arranque da mobilidade de alunos inserida no abrangente projeto Erasmus+ KA1 &#8220;Acredita\u00e7\u00e3o Erasmus+ de Educa\u00e7\u00e3o Profissional para Educa\u00e7\u00e3o Escolar e Treino.&#8221; Este projeto est\u00e1 identificado pelo n\u00famero 2020-1-PT01-KA120-VET-094711 e intitulado &#8220;Acredita\u00e7\u00e3o KA121 Erasmus+ 2021-2027,&#8221; operando sob o n\u00famero anual do projeto 2023-1-PT01-KA121-VET-000118102. Os participantes desta experi\u00eancia formativa [&hellip;]<\/p>\n<div class=\"pvc_clear\"><\/div>\n<p id=\"pvc_stats_2248\" class=\"pvc_stats all  \" data-element-id=\"2248\" style=\"\"><i class=\"pvc-stats-icon medium\" aria-hidden=\"true\"><svg aria-hidden=\"true\" focusable=\"false\" data-prefix=\"far\" data-icon=\"chart-bar\" role=\"img\" xmlns=\"http:\/\/www.w3.org\/2000\/svg\" viewBox=\"0 0 512 512\" class=\"svg-inline--fa fa-chart-bar fa-w-16 fa-2x\"><path fill=\"currentColor\" d=\"M396.8 352h22.4c6.4 0 12.8-6.4 12.8-12.8V108.8c0-6.4-6.4-12.8-12.8-12.8h-22.4c-6.4 0-12.8 6.4-12.8 12.8v230.4c0 6.4 6.4 12.8 12.8 12.8zm-192 0h22.4c6.4 0 12.8-6.4 12.8-12.8V140.8c0-6.4-6.4-12.8-12.8-12.8h-22.4c-6.4 0-12.8 6.4-12.8 12.8v198.4c0 6.4 6.4 12.8 12.8 12.8zm96 0h22.4c6.4 0 12.8-6.4 12.8-12.8V204.8c0-6.4-6.4-12.8-12.8-12.8h-22.4c-6.4 0-12.8 6.4-12.8 12.8v134.4c0 6.4 6.4 12.8 12.8 12.8zM496 400H48V80c0-8.84-7.16-16-16-16H16C7.16 64 0 71.16 0 80v336c0 17.67 14.33 32 32 32h464c8.84 0 16-7.16 16-16v-16c0-8.84-7.16-16-16-16zm-387.2-48h22.4c6.4 0 12.8-6.4 12.8-12.8v-70.4c0-6.4-6.4-12.8-12.8-12.8h-22.4c-6.4 0-12.8 6.4-12.8 12.8v70.4c0 6.4 6.4 12.8 12.8 12.8z\" class=\"\"><\/path><\/svg><\/i> <img loading=\"lazy\" decoding=\"async\" width=\"16\" height=\"16\" alt=\"Loading\" src=\"https:\/\/erasmus-esl.pt\/BussolaEstudantil\/wp-content\/plugins\/page-views-count\/ajax-loader-2x.gif\" border=0 \/><\/p>\n<div class=\"pvc_clear\"><\/div>\n","protected":false},"author":1,"featured_media":2250,"comment_status":"open","ping_status":"open","sticky":false,"template":"","format":"standard","meta":{"footnotes":""},"categories":[15,7],"tags":[],"class_list":["post-2248","post","type-post","status-publish","format-standard","has-post-thumbnail","hentry","category-erasmus","category-nos-por-la"],"_links":{"self":[{"href":"https:\/\/erasmus-esl.pt\/BussolaEstudantil\/wp-json\/wp\/v2\/posts\/2248","targetHints":{"allow":["GET"]}}],"collection":[{"href":"https:\/\/erasmus-esl.pt\/BussolaEstudantil\/wp-json\/wp\/v2\/posts"}],"about":[{"href":"https:\/\/erasmus-esl.pt\/BussolaEstudantil\/wp-json\/wp\/v2\/types\/post"}],"author":[{"embeddable":true,"href":"https:\/\/erasmus-esl.pt\/BussolaEstudantil\/wp-json\/wp\/v2\/users\/1"}],"replies":[{"embeddable":true,"href":"https:\/\/erasmus-esl.pt\/BussolaEstudantil\/wp-json\/wp\/v2\/comments?post=2248"}],"version-history":[{"count":-3,"href":"https:\/\/erasmus-esl.pt\/BussolaEstudantil\/wp-json\/wp\/v2\/posts\/2248\/revisions"}],"wp:featuredmedia":[{"embeddable":true,"href":"https:\/\/erasmus-esl.pt\/BussolaEstudantil\/wp-json\/wp\/v2\/media\/2250"}],"wp:attachment":[{"href":"https:\/\/erasmus-esl.pt\/BussolaEstudantil\/wp-json\/wp\/v2\/media?parent=2248"}],"wp:term":[{"taxonomy":"category","embeddable":true,"href":"https:\/\/erasmus-esl.pt\/BussolaEstudantil\/wp-json\/wp\/v2\/categories?post=2248"},{"taxonomy":"post_tag","embeddable":true,"href":"https:\/\/erasmus-esl.pt\/BussolaEstudantil\/wp-json\/wp\/v2\/tags?post=2248"}],"curies":[{"name":"wp","href":"https:\/\/api.w.org\/{rel}","templated":true}]}}