{"id":1597,"date":"2022-10-18T12:47:20","date_gmt":"2022-10-18T12:47:20","guid":{"rendered":"https:\/\/erasmus-esl.pt\/BussolaEstudantil\/?p=1597"},"modified":"2022-10-18T12:47:20","modified_gmt":"2022-10-18T12:47:20","slug":"mobilidade-a-alemanha-no-ambito-do-projeto-erasmus-combining-it-and-marketing-to-help-make-learning-a-language-fun-cit-dipp-lingo","status":"publish","type":"post","link":"https:\/\/erasmus-esl.pt\/BussolaEstudantil\/blog\/2022\/10\/18\/mobilidade-a-alemanha-no-ambito-do-projeto-erasmus-combining-it-and-marketing-to-help-make-learning-a-language-fun-cit-dipp-lingo\/","title":{"rendered":"Mobilidade \u00e0 Alemanha no \u00e2mbito do Projeto Erasmus+ Combining IT and marketing to help make learning a language fun &#8211; CIT DIPP LINGO"},"content":{"rendered":"\n<figure class=\"wp-block-image size-large\"><img loading=\"lazy\" decoding=\"async\" width=\"1024\" height=\"768\" src=\"https:\/\/erasmus-esl.pt\/BussolaEstudantil\/wp-content\/uploads\/2022\/10\/xIMG_20220919_102833-1024x768.jpg\" alt=\"\" class=\"wp-image-1608\" srcset=\"https:\/\/erasmus-esl.pt\/BussolaEstudantil\/wp-content\/uploads\/2022\/10\/xIMG_20220919_102833-1024x768.jpg 1024w, https:\/\/erasmus-esl.pt\/BussolaEstudantil\/wp-content\/uploads\/2022\/10\/xIMG_20220919_102833-300x225.jpg 300w, https:\/\/erasmus-esl.pt\/BussolaEstudantil\/wp-content\/uploads\/2022\/10\/xIMG_20220919_102833-768x576.jpg 768w, https:\/\/erasmus-esl.pt\/BussolaEstudantil\/wp-content\/uploads\/2022\/10\/xIMG_20220919_102833-1536x1152.jpg 1536w, https:\/\/erasmus-esl.pt\/BussolaEstudantil\/wp-content\/uploads\/2022\/10\/xIMG_20220919_102833-2048x1536.jpg 2048w\" sizes=\"auto, (max-width: 1024px) 100vw, 1024px\" \/><\/figure>\n\n\n\n<p><br>Entre os dias 18 a 25 de setembro de 2022, 14 alunos e 3 professores realizaram uma mobilidade \u00e0 escola Alem\u00e3 de Berufsschulzentrum Stockach, em Stockach, no \u00e2mbito do projeto Erasmus+ indicado anteriormente.<br>Os alunos participantes foram:<br>Alexandre Miguel Videira Martins &#8211; 12\u00baZg<br>Ana Catarina Figueiras Duarte &#8211; 11\u00baUk<br>Catarina Sofia Concei\u00e7\u00e3o Rodrigues &#8211; 11\u00baUv<br>Filipe de Souza Sim\u00f5es Marques &#8211; 11\u00baZg<br>Gabriella Silva Accacio &#8211; 11\u00baUs<br>Lucas Mendes Cabral &#8211; 11\u00baUe<br>Mafalda de Almeida Dias Coelho &#8211; 11\u00baUu<br>Marie Zo\u00e9 Mateus &#8211; 11\u00baUs<br>Menelik Josu\u00e9 Arias Barboza &#8211; 11\u00baZg<br>Miguel Alexandre Concei\u00e7\u00e3o Greg\u00f3rio &#8211; 11\u00baZg<br>Ricardo Azevedo Alferes &#8211; 11\u00baUv<br>Rita Oliveira Bonan\u00e7a Vicente &#8211; 11\u00baUs<br>Tom\u00e1s Almeida Cebola &#8211; 11\u00baUd<br>Vicente Coutinho Marques &#8211; 11\u00baZd<br>e os professores Duarte Duarte, Jaime Travassos e Paulo Ribeiro.<br>Este projeto engloba escolas da Pol\u00f3nia, Irlanda, Alemanha e Portugal que desenvolvem em conjunto ferramentas digitais, nomeadamente uma aplica\u00e7\u00e3o android para telem\u00f3veis, que consiste numa mostra da Escola a que pertence, cidade e regi\u00e3o.<br>Os alunos para esta mobilidade realizaram alguns trabalhos que ficar\u00e3o como produtos do projeto, como v\u00eddeos individuais de apresenta\u00e7\u00e3o em ingl\u00eas, com pelo menos uma pequena frase em Alem\u00e3o e Polaco, apresenta\u00e7\u00f5es relacionadas com os cursos que frequentam e um v\u00eddeo relativo \u00e0 \u00faltima mobilidade.<br>Posteriormente todos os trabalhos realizados foram e apresentados aos colegas das outras escolas em ingl\u00eas.<br>Os alunos e professores visitaram alguns locais emblem\u00e1ticos da Alemanha, como o Lago Constan\u00e7a, a esta\u00e7\u00e3o de tratamento de \u00e1guas, Uberlinguen e estiveram por breves instantes na Su\u00ed\u00e7a.<br>Participaram em atividades desportivas e ao ar livre, um churrasco e um passeio de barco.<br>Os alunos envolvidos nesta mobilidade demonstraram empenho, responsabilidade, pontualidade, sentido de equipa e participaram em todas as tarefas propostas.<br>Todos os alunos tiveram direito a um certificado de participa\u00e7\u00e3o na mobilidade e a um Europass Mobilidade (Documento europeu de certifica\u00e7\u00e3o de mobilidade, igual em todos os pa\u00edses).<br>Parab\u00e9ns equipa SIIIIUUUUUUUUUUUUUU<\/p>\n\n\n\n<figure class=\"wp-block-image size-large\"><img loading=\"lazy\" decoding=\"async\" width=\"768\" height=\"1024\" src=\"https:\/\/erasmus-esl.pt\/BussolaEstudantil\/wp-content\/uploads\/2022\/10\/xIMG_20220923_110403-768x1024.jpg\" alt=\"\" class=\"wp-image-1609\" srcset=\"https:\/\/erasmus-esl.pt\/BussolaEstudantil\/wp-content\/uploads\/2022\/10\/xIMG_20220923_110403-768x1024.jpg 768w, https:\/\/erasmus-esl.pt\/BussolaEstudantil\/wp-content\/uploads\/2022\/10\/xIMG_20220923_110403-225x300.jpg 225w, https:\/\/erasmus-esl.pt\/BussolaEstudantil\/wp-content\/uploads\/2022\/10\/xIMG_20220923_110403-1152x1536.jpg 1152w, https:\/\/erasmus-esl.pt\/BussolaEstudantil\/wp-content\/uploads\/2022\/10\/xIMG_20220923_110403-1536x2048.jpg 1536w, https:\/\/erasmus-esl.pt\/BussolaEstudantil\/wp-content\/uploads\/2022\/10\/xIMG_20220923_110403-scaled.jpg 1920w\" sizes=\"auto, (max-width: 768px) 100vw, 768px\" \/><\/figure>\n<div class=\"pvc_clear\"><\/div><p id=\"pvc_stats_1597\" class=\"pvc_stats all  \" data-element-id=\"1597\" style=\"\"><i class=\"pvc-stats-icon medium\" aria-hidden=\"true\"><svg aria-hidden=\"true\" focusable=\"false\" data-prefix=\"far\" data-icon=\"chart-bar\" role=\"img\" xmlns=\"http:\/\/www.w3.org\/2000\/svg\" viewBox=\"0 0 512 512\" class=\"svg-inline--fa fa-chart-bar fa-w-16 fa-2x\"><path fill=\"currentColor\" d=\"M396.8 352h22.4c6.4 0 12.8-6.4 12.8-12.8V108.8c0-6.4-6.4-12.8-12.8-12.8h-22.4c-6.4 0-12.8 6.4-12.8 12.8v230.4c0 6.4 6.4 12.8 12.8 12.8zm-192 0h22.4c6.4 0 12.8-6.4 12.8-12.8V140.8c0-6.4-6.4-12.8-12.8-12.8h-22.4c-6.4 0-12.8 6.4-12.8 12.8v198.4c0 6.4 6.4 12.8 12.8 12.8zm96 0h22.4c6.4 0 12.8-6.4 12.8-12.8V204.8c0-6.4-6.4-12.8-12.8-12.8h-22.4c-6.4 0-12.8 6.4-12.8 12.8v134.4c0 6.4 6.4 12.8 12.8 12.8zM496 400H48V80c0-8.84-7.16-16-16-16H16C7.16 64 0 71.16 0 80v336c0 17.67 14.33 32 32 32h464c8.84 0 16-7.16 16-16v-16c0-8.84-7.16-16-16-16zm-387.2-48h22.4c6.4 0 12.8-6.4 12.8-12.8v-70.4c0-6.4-6.4-12.8-12.8-12.8h-22.4c-6.4 0-12.8 6.4-12.8 12.8v70.4c0 6.4 6.4 12.8 12.8 12.8z\" class=\"\"><\/path><\/svg><\/i> <img loading=\"lazy\" decoding=\"async\" width=\"16\" height=\"16\" alt=\"Loading\" src=\"https:\/\/erasmus-esl.pt\/BussolaEstudantil\/wp-content\/plugins\/page-views-count\/ajax-loader-2x.gif\" border=0 \/><\/p><div class=\"pvc_clear\"><\/div>","protected":false},"excerpt":{"rendered":"<p>Entre os dias 18 a 25 de setembro de 2022, 14 alunos e 3 professores realizaram uma mobilidade \u00e0 escola Alem\u00e3 de Berufsschulzentrum Stockach, em Stockach, no \u00e2mbito do projeto Erasmus+ indicado anteriormente.Os alunos participantes foram:Alexandre Miguel Videira Martins &#8211; 12\u00baZgAna Catarina Figueiras Duarte &#8211; 11\u00baUkCatarina Sofia Concei\u00e7\u00e3o Rodrigues &#8211; 11\u00baUvFilipe de Souza Sim\u00f5es Marques [&hellip;]<\/p>\n<div class=\"pvc_clear\"><\/div>\n<p id=\"pvc_stats_1597\" class=\"pvc_stats all  \" data-element-id=\"1597\" style=\"\"><i class=\"pvc-stats-icon medium\" aria-hidden=\"true\"><svg aria-hidden=\"true\" focusable=\"false\" data-prefix=\"far\" data-icon=\"chart-bar\" role=\"img\" xmlns=\"http:\/\/www.w3.org\/2000\/svg\" viewBox=\"0 0 512 512\" class=\"svg-inline--fa fa-chart-bar fa-w-16 fa-2x\"><path fill=\"currentColor\" d=\"M396.8 352h22.4c6.4 0 12.8-6.4 12.8-12.8V108.8c0-6.4-6.4-12.8-12.8-12.8h-22.4c-6.4 0-12.8 6.4-12.8 12.8v230.4c0 6.4 6.4 12.8 12.8 12.8zm-192 0h22.4c6.4 0 12.8-6.4 12.8-12.8V140.8c0-6.4-6.4-12.8-12.8-12.8h-22.4c-6.4 0-12.8 6.4-12.8 12.8v198.4c0 6.4 6.4 12.8 12.8 12.8zm96 0h22.4c6.4 0 12.8-6.4 12.8-12.8V204.8c0-6.4-6.4-12.8-12.8-12.8h-22.4c-6.4 0-12.8 6.4-12.8 12.8v134.4c0 6.4 6.4 12.8 12.8 12.8zM496 400H48V80c0-8.84-7.16-16-16-16H16C7.16 64 0 71.16 0 80v336c0 17.67 14.33 32 32 32h464c8.84 0 16-7.16 16-16v-16c0-8.84-7.16-16-16-16zm-387.2-48h22.4c6.4 0 12.8-6.4 12.8-12.8v-70.4c0-6.4-6.4-12.8-12.8-12.8h-22.4c-6.4 0-12.8 6.4-12.8 12.8v70.4c0 6.4 6.4 12.8 12.8 12.8z\" class=\"\"><\/path><\/svg><\/i> <img loading=\"lazy\" decoding=\"async\" width=\"16\" height=\"16\" alt=\"Loading\" src=\"https:\/\/erasmus-esl.pt\/BussolaEstudantil\/wp-content\/plugins\/page-views-count\/ajax-loader-2x.gif\" border=0 \/><\/p>\n<div class=\"pvc_clear\"><\/div>\n","protected":false},"author":1,"featured_media":1609,"comment_status":"open","ping_status":"open","sticky":false,"template":"","format":"standard","meta":{"footnotes":""},"categories":[15,7],"tags":[],"class_list":["post-1597","post","type-post","status-publish","format-standard","has-post-thumbnail","hentry","category-erasmus","category-nos-por-la"],"_links":{"self":[{"href":"https:\/\/erasmus-esl.pt\/BussolaEstudantil\/wp-json\/wp\/v2\/posts\/1597","targetHints":{"allow":["GET"]}}],"collection":[{"href":"https:\/\/erasmus-esl.pt\/BussolaEstudantil\/wp-json\/wp\/v2\/posts"}],"about":[{"href":"https:\/\/erasmus-esl.pt\/BussolaEstudantil\/wp-json\/wp\/v2\/types\/post"}],"author":[{"embeddable":true,"href":"https:\/\/erasmus-esl.pt\/BussolaEstudantil\/wp-json\/wp\/v2\/users\/1"}],"replies":[{"embeddable":true,"href":"https:\/\/erasmus-esl.pt\/BussolaEstudantil\/wp-json\/wp\/v2\/comments?post=1597"}],"version-history":[{"count":-3,"href":"https:\/\/erasmus-esl.pt\/BussolaEstudantil\/wp-json\/wp\/v2\/posts\/1597\/revisions"}],"wp:featuredmedia":[{"embeddable":true,"href":"https:\/\/erasmus-esl.pt\/BussolaEstudantil\/wp-json\/wp\/v2\/media\/1609"}],"wp:attachment":[{"href":"https:\/\/erasmus-esl.pt\/BussolaEstudantil\/wp-json\/wp\/v2\/media?parent=1597"}],"wp:term":[{"taxonomy":"category","embeddable":true,"href":"https:\/\/erasmus-esl.pt\/BussolaEstudantil\/wp-json\/wp\/v2\/categories?post=1597"},{"taxonomy":"post_tag","embeddable":true,"href":"https:\/\/erasmus-esl.pt\/BussolaEstudantil\/wp-json\/wp\/v2\/tags?post=1597"}],"curies":[{"name":"wp","href":"https:\/\/api.w.org\/{rel}","templated":true}]}}