{"id":1561,"date":"2022-09-28T18:03:22","date_gmt":"2022-09-28T18:03:22","guid":{"rendered":"https:\/\/erasmus-esl.pt\/BussolaEstudantil\/?p=1561"},"modified":"2022-09-28T18:06:16","modified_gmt":"2022-09-28T18:06:16","slug":"erasmus-aprendizagens-vivencias-e-memorias-que-marcarao-as-nossas-vidas","status":"publish","type":"post","link":"https:\/\/erasmus-esl.pt\/BussolaEstudantil\/blog\/2022\/09\/28\/erasmus-aprendizagens-vivencias-e-memorias-que-marcarao-as-nossas-vidas\/","title":{"rendered":"ERASMUS+ &#8211; APRENDIZAGENS, VIV\u00caNCIAS E MEM\u00d3RIAS QUE MARCAR\u00c3O AS NOSSAS VIDAS"},"content":{"rendered":"\n<p>Entre os dias 16 a 25 de setembro de 2022, 4 alunos e 2 professores da Escola Secund\u00e1ria de Loul\u00e9 deslocaram-se \u00e0 escola francesa <em>Lyc\u00e9e Professionnel La Trinit\u00e9<\/em>, na Martinica, no \u00e2mbito do projeto Erasmus <em>+ &nbsp;Construisons l&#8217;Espace de Vie de Demain<\/em>, cujos parceiros s\u00e3o oriundos de seis escolas europeias &#8211; \u00c1ustria, Eslov\u00e9nia, Est\u00f3nia, da Martinica &#8211; Fran\u00e7a, &nbsp;Sic\u00edlia \u2013 It\u00e1lia e Portugal.<\/p>\n\n\n\n<figure class=\"wp-block-image size-large\"><img loading=\"lazy\" decoding=\"async\" width=\"1024\" height=\"511\" src=\"https:\/\/erasmus-esl.pt\/BussolaEstudantil\/wp-content\/uploads\/2022\/09\/20220923_111859-1024x511.jpg\" alt=\"\" class=\"wp-image-1562\" srcset=\"https:\/\/erasmus-esl.pt\/BussolaEstudantil\/wp-content\/uploads\/2022\/09\/20220923_111859-1024x511.jpg 1024w, https:\/\/erasmus-esl.pt\/BussolaEstudantil\/wp-content\/uploads\/2022\/09\/20220923_111859-300x150.jpg 300w, https:\/\/erasmus-esl.pt\/BussolaEstudantil\/wp-content\/uploads\/2022\/09\/20220923_111859-768x383.jpg 768w, https:\/\/erasmus-esl.pt\/BussolaEstudantil\/wp-content\/uploads\/2022\/09\/20220923_111859-1536x766.jpg 1536w, https:\/\/erasmus-esl.pt\/BussolaEstudantil\/wp-content\/uploads\/2022\/09\/20220923_111859-2048x1022.jpg 2048w\" sizes=\"auto, (max-width: 1024px) 100vw, 1024px\" \/><\/figure>\n\n\n\n<p>Em conjunto, os parceiros realizaram atividades diversas que levaram \u00e0 constru\u00e7\u00e3o de uma casa inteligente e sustent\u00e1vel com jardim aut\u00f3nomo e constru\u00e7\u00e3o de colmeias conectadas.<\/p>\n\n\n\n<figure class=\"wp-block-image size-large\"><img loading=\"lazy\" decoding=\"async\" width=\"761\" height=\"1024\" src=\"https:\/\/erasmus-esl.pt\/BussolaEstudantil\/wp-content\/uploads\/2022\/09\/facebook_1664377021469_6980903198659658557-2-761x1024.jpg\" alt=\"\" class=\"wp-image-1563\" srcset=\"https:\/\/erasmus-esl.pt\/BussolaEstudantil\/wp-content\/uploads\/2022\/09\/facebook_1664377021469_6980903198659658557-2-761x1024.jpg 761w, https:\/\/erasmus-esl.pt\/BussolaEstudantil\/wp-content\/uploads\/2022\/09\/facebook_1664377021469_6980903198659658557-2-223x300.jpg 223w, https:\/\/erasmus-esl.pt\/BussolaEstudantil\/wp-content\/uploads\/2022\/09\/facebook_1664377021469_6980903198659658557-2-768x1033.jpg 768w, https:\/\/erasmus-esl.pt\/BussolaEstudantil\/wp-content\/uploads\/2022\/09\/facebook_1664377021469_6980903198659658557-2.jpg 977w\" sizes=\"auto, (max-width: 761px) 100vw, 761px\" \/><\/figure>\n\n\n\n<p>Os participantes foram os alunos Mateus Andrade (11\u00baA) e Sara Leonardo (11\u00baC) do Curso de Ci\u00eancias e Tecnologias, Cristiano Eus\u00e9bio (11\u00baL) do Curso de Artes Visuais e In\u00eas Santos (12\u00baUc) do Curso Profissional de T\u00e9cnico de Restaura\u00e7\u00e3o \u2013 Cozinha e Pastelaria, acompanhados pelos docentes Arlindo Martins e Ermelinda Travia, Coordenadora do projeto.<\/p>\n\n\n\n<figure class=\"wp-block-image size-large\"><img loading=\"lazy\" decoding=\"async\" width=\"1024\" height=\"462\" src=\"https:\/\/erasmus-esl.pt\/BussolaEstudantil\/wp-content\/uploads\/2022\/09\/20220923_081652-1-1024x462.jpg\" alt=\"\" class=\"wp-image-1564\" srcset=\"https:\/\/erasmus-esl.pt\/BussolaEstudantil\/wp-content\/uploads\/2022\/09\/20220923_081652-1-1024x462.jpg 1024w, https:\/\/erasmus-esl.pt\/BussolaEstudantil\/wp-content\/uploads\/2022\/09\/20220923_081652-1-300x135.jpg 300w, https:\/\/erasmus-esl.pt\/BussolaEstudantil\/wp-content\/uploads\/2022\/09\/20220923_081652-1-768x346.jpg 768w, https:\/\/erasmus-esl.pt\/BussolaEstudantil\/wp-content\/uploads\/2022\/09\/20220923_081652-1-1536x692.jpg 1536w, https:\/\/erasmus-esl.pt\/BussolaEstudantil\/wp-content\/uploads\/2022\/09\/20220923_081652-1-2048x923.jpg 2048w\" sizes=\"auto, (max-width: 1024px) 100vw, 1024px\" \/><\/figure>\n\n\n\n<p>Para este encontro de parceiros, os alunos realizaram alguns trabalhos que ficar\u00e3o como produtos do projeto, nomeadamente apresenta\u00e7\u00f5es em ingl\u00eas:<\/p>\n\n\n\n<p>&#8211; \u201cSustainable and environmental architecture\u201d, onde focaram a import\u00e2ncia de materiais portugueses sustent\u00e1veis e amigos do ambiente, como a corti\u00e7a;<\/p>\n\n\n\n<p>&#8211; \u201cAromatic Herbs in the Portuguese gastronomy\u201d, onde mostraram plantas que fazem parte da gastronomia portuguesa e que podem ser cultivadas no jardim da casa.<\/p>\n\n\n\n<figure class=\"wp-block-gallery columns-1 is-cropped wp-block-gallery-1 is-layout-flex wp-block-gallery-is-layout-flex\"><ul class=\"blocks-gallery-grid\"><li class=\"blocks-gallery-item\"><figure><img loading=\"lazy\" decoding=\"async\" width=\"1024\" height=\"768\" src=\"https:\/\/erasmus-esl.pt\/BussolaEstudantil\/wp-content\/uploads\/2022\/09\/IMG-20220919-WA0070-1024x768.jpg\" alt=\"\" data-id=\"1566\" data-full-url=\"https:\/\/erasmus-esl.pt\/BussolaEstudantil\/wp-content\/uploads\/2022\/09\/IMG-20220919-WA0070.jpg\" data-link=\"https:\/\/erasmus-esl.pt\/BussolaEstudantil\/?attachment_id=1566\" class=\"wp-image-1566\" srcset=\"https:\/\/erasmus-esl.pt\/BussolaEstudantil\/wp-content\/uploads\/2022\/09\/IMG-20220919-WA0070-1024x768.jpg 1024w, https:\/\/erasmus-esl.pt\/BussolaEstudantil\/wp-content\/uploads\/2022\/09\/IMG-20220919-WA0070-300x225.jpg 300w, https:\/\/erasmus-esl.pt\/BussolaEstudantil\/wp-content\/uploads\/2022\/09\/IMG-20220919-WA0070-768x576.jpg 768w, https:\/\/erasmus-esl.pt\/BussolaEstudantil\/wp-content\/uploads\/2022\/09\/IMG-20220919-WA0070.jpg 1280w\" sizes=\"auto, (max-width: 1024px) 100vw, 1024px\" \/><\/figure><\/li><\/ul><\/figure>\n\n\n\n<p>Os alunos apresentaram tamb\u00e9m a maquete impressa em 3D da casa que foi constru\u00edda na escola da Martinica. Para a realiza\u00e7\u00e3o deste trabalho em 3D os alunos contaram com o valioso apoio dos professores Ant\u00f3nio Pereira e Arlindo Martins. Com os colegas das outras escolas plantaram plantas arom\u00e1ticas e medicinais tropicais no jardim da casa e participaram num <em>workshop<\/em> , onde utilizaram o <em>Terrazzo<\/em>.<\/p>\n\n\n\n<figure class=\"wp-block-image size-large\"><img loading=\"lazy\" decoding=\"async\" width=\"1024\" height=\"461\" src=\"https:\/\/erasmus-esl.pt\/BussolaEstudantil\/wp-content\/uploads\/2022\/09\/20220918_193340-1-1024x461.jpg\" alt=\"\" class=\"wp-image-1567\" srcset=\"https:\/\/erasmus-esl.pt\/BussolaEstudantil\/wp-content\/uploads\/2022\/09\/20220918_193340-1-1024x461.jpg 1024w, https:\/\/erasmus-esl.pt\/BussolaEstudantil\/wp-content\/uploads\/2022\/09\/20220918_193340-1-300x135.jpg 300w, https:\/\/erasmus-esl.pt\/BussolaEstudantil\/wp-content\/uploads\/2022\/09\/20220918_193340-1-768x346.jpg 768w, https:\/\/erasmus-esl.pt\/BussolaEstudantil\/wp-content\/uploads\/2022\/09\/20220918_193340-1-1536x691.jpg 1536w, https:\/\/erasmus-esl.pt\/BussolaEstudantil\/wp-content\/uploads\/2022\/09\/20220918_193340-1-2048x922.jpg 2048w\" sizes=\"auto, (max-width: 1024px) 100vw, 1024px\" \/><\/figure>\n\n\n\n<figure class=\"wp-block-image size-large\"><img loading=\"lazy\" decoding=\"async\" width=\"1024\" height=\"768\" src=\"https:\/\/erasmus-esl.pt\/BussolaEstudantil\/wp-content\/uploads\/2022\/09\/IMG-20220919-WA0056.jpg\" alt=\"\" class=\"wp-image-1568\" srcset=\"https:\/\/erasmus-esl.pt\/BussolaEstudantil\/wp-content\/uploads\/2022\/09\/IMG-20220919-WA0056.jpg 1024w, https:\/\/erasmus-esl.pt\/BussolaEstudantil\/wp-content\/uploads\/2022\/09\/IMG-20220919-WA0056-300x225.jpg 300w, https:\/\/erasmus-esl.pt\/BussolaEstudantil\/wp-content\/uploads\/2022\/09\/IMG-20220919-WA0056-768x576.jpg 768w\" sizes=\"auto, (max-width: 1024px) 100vw, 1024px\" \/><\/figure>\n\n\n\n<figure class=\"wp-block-image size-large\"><img loading=\"lazy\" decoding=\"async\" width=\"1024\" height=\"461\" src=\"https:\/\/erasmus-esl.pt\/BussolaEstudantil\/wp-content\/uploads\/2022\/09\/20220919_154814-1024x461.jpg\" alt=\"\" class=\"wp-image-1569\" srcset=\"https:\/\/erasmus-esl.pt\/BussolaEstudantil\/wp-content\/uploads\/2022\/09\/20220919_154814-1024x461.jpg 1024w, https:\/\/erasmus-esl.pt\/BussolaEstudantil\/wp-content\/uploads\/2022\/09\/20220919_154814-300x135.jpg 300w, https:\/\/erasmus-esl.pt\/BussolaEstudantil\/wp-content\/uploads\/2022\/09\/20220919_154814-768x346.jpg 768w, https:\/\/erasmus-esl.pt\/BussolaEstudantil\/wp-content\/uploads\/2022\/09\/20220919_154814-1536x691.jpg 1536w, https:\/\/erasmus-esl.pt\/BussolaEstudantil\/wp-content\/uploads\/2022\/09\/20220919_154814-2048x922.jpg 2048w\" sizes=\"auto, (max-width: 1024px) 100vw, 1024px\" \/><\/figure>\n\n\n\n<p>Alunos e professores visitaram v\u00e1rios locais relacionados com a tem\u00e1tica do projeto, nomeadamente um api\u00e1rio, jardins crioulos e casas t\u00edpicas, nomeadamente a cabana onde viviam os escravos, a mans\u00e3o dos fazendeiros da cana do a\u00e7ucaro e as destilarias de Rum.<\/p>\n\n\n\n<figure class=\"wp-block-image size-large\"><img loading=\"lazy\" decoding=\"async\" width=\"748\" height=\"1024\" src=\"https:\/\/erasmus-esl.pt\/BussolaEstudantil\/wp-content\/uploads\/2022\/09\/bees-748x1024.jpg\" alt=\"\" class=\"wp-image-1573\" srcset=\"https:\/\/erasmus-esl.pt\/BussolaEstudantil\/wp-content\/uploads\/2022\/09\/bees-748x1024.jpg 748w, https:\/\/erasmus-esl.pt\/BussolaEstudantil\/wp-content\/uploads\/2022\/09\/bees-219x300.jpg 219w, https:\/\/erasmus-esl.pt\/BussolaEstudantil\/wp-content\/uploads\/2022\/09\/bees-768x1051.jpg 768w, https:\/\/erasmus-esl.pt\/BussolaEstudantil\/wp-content\/uploads\/2022\/09\/bees-1122x1536.jpg 1122w, https:\/\/erasmus-esl.pt\/BussolaEstudantil\/wp-content\/uploads\/2022\/09\/bees-1496x2048.jpg 1496w, https:\/\/erasmus-esl.pt\/BussolaEstudantil\/wp-content\/uploads\/2022\/09\/bees.jpg 1780w\" sizes=\"auto, (max-width: 748px) 100vw, 748px\" \/><\/figure>\n\n\n\n<figure class=\"wp-block-image size-large\"><img loading=\"lazy\" decoding=\"async\" width=\"1024\" height=\"462\" src=\"https:\/\/erasmus-esl.pt\/BussolaEstudantil\/wp-content\/uploads\/2022\/09\/20220920_160521-1-1024x462.jpg\" alt=\"\" class=\"wp-image-1574\" srcset=\"https:\/\/erasmus-esl.pt\/BussolaEstudantil\/wp-content\/uploads\/2022\/09\/20220920_160521-1-1024x462.jpg 1024w, https:\/\/erasmus-esl.pt\/BussolaEstudantil\/wp-content\/uploads\/2022\/09\/20220920_160521-1-300x135.jpg 300w, https:\/\/erasmus-esl.pt\/BussolaEstudantil\/wp-content\/uploads\/2022\/09\/20220920_160521-1-768x346.jpg 768w, https:\/\/erasmus-esl.pt\/BussolaEstudantil\/wp-content\/uploads\/2022\/09\/20220920_160521-1-1536x692.jpg 1536w, https:\/\/erasmus-esl.pt\/BussolaEstudantil\/wp-content\/uploads\/2022\/09\/20220920_160521-1-2048x923.jpg 2048w\" sizes=\"auto, (max-width: 1024px) 100vw, 1024px\" \/><\/figure>\n\n\n\n<figure class=\"wp-block-image size-large\"><img loading=\"lazy\" decoding=\"async\" width=\"1024\" height=\"462\" src=\"https:\/\/erasmus-esl.pt\/BussolaEstudantil\/wp-content\/uploads\/2022\/09\/20220917_152338-1-1024x462.jpg\" alt=\"\" class=\"wp-image-1571\" srcset=\"https:\/\/erasmus-esl.pt\/BussolaEstudantil\/wp-content\/uploads\/2022\/09\/20220917_152338-1-1024x462.jpg 1024w, https:\/\/erasmus-esl.pt\/BussolaEstudantil\/wp-content\/uploads\/2022\/09\/20220917_152338-1-300x135.jpg 300w, https:\/\/erasmus-esl.pt\/BussolaEstudantil\/wp-content\/uploads\/2022\/09\/20220917_152338-1-768x346.jpg 768w, https:\/\/erasmus-esl.pt\/BussolaEstudantil\/wp-content\/uploads\/2022\/09\/20220917_152338-1-1536x692.jpg 1536w, https:\/\/erasmus-esl.pt\/BussolaEstudantil\/wp-content\/uploads\/2022\/09\/20220917_152338-1-2048x923.jpg 2048w\" sizes=\"auto, (max-width: 1024px) 100vw, 1024px\" \/><\/figure>\n\n\n\n<figure class=\"wp-block-image size-large\"><img loading=\"lazy\" decoding=\"async\" width=\"662\" height=\"1024\" src=\"https:\/\/erasmus-esl.pt\/BussolaEstudantil\/wp-content\/uploads\/2022\/09\/20220922_095146-1-1-662x1024.jpg\" alt=\"\" class=\"wp-image-1575\" srcset=\"https:\/\/erasmus-esl.pt\/BussolaEstudantil\/wp-content\/uploads\/2022\/09\/20220922_095146-1-1-662x1024.jpg 662w, https:\/\/erasmus-esl.pt\/BussolaEstudantil\/wp-content\/uploads\/2022\/09\/20220922_095146-1-1-194x300.jpg 194w, https:\/\/erasmus-esl.pt\/BussolaEstudantil\/wp-content\/uploads\/2022\/09\/20220922_095146-1-1-768x1188.jpg 768w, https:\/\/erasmus-esl.pt\/BussolaEstudantil\/wp-content\/uploads\/2022\/09\/20220922_095146-1-1-993x1536.jpg 993w, https:\/\/erasmus-esl.pt\/BussolaEstudantil\/wp-content\/uploads\/2022\/09\/20220922_095146-1-1-1324x2048.jpg 1324w, https:\/\/erasmus-esl.pt\/BussolaEstudantil\/wp-content\/uploads\/2022\/09\/20220922_095146-1-1-scaled.jpg 1655w\" sizes=\"auto, (max-width: 662px) 100vw, 662px\" \/><\/figure>\n\n\n\n<p>De manh\u00e3 bem cedo, antes da sa\u00edda para a escola e no final da tarde, depois das atividades escolares, os alunos e os professores puderam disfrutar das \u00e1guas quentes e transl\u00facidas que banham esta ilha magn\u00edfica.<\/p>\n\n\n\n<figure class=\"wp-block-image size-large\"><img loading=\"lazy\" decoding=\"async\" width=\"1024\" height=\"536\" src=\"https:\/\/erasmus-esl.pt\/BussolaEstudantil\/wp-content\/uploads\/2022\/09\/20220922_114810-1-1024x536.jpg\" alt=\"\" class=\"wp-image-1576\" srcset=\"https:\/\/erasmus-esl.pt\/BussolaEstudantil\/wp-content\/uploads\/2022\/09\/20220922_114810-1-1024x536.jpg 1024w, https:\/\/erasmus-esl.pt\/BussolaEstudantil\/wp-content\/uploads\/2022\/09\/20220922_114810-1-300x157.jpg 300w, https:\/\/erasmus-esl.pt\/BussolaEstudantil\/wp-content\/uploads\/2022\/09\/20220922_114810-1-768x402.jpg 768w, https:\/\/erasmus-esl.pt\/BussolaEstudantil\/wp-content\/uploads\/2022\/09\/20220922_114810-1-1536x803.jpg 1536w, https:\/\/erasmus-esl.pt\/BussolaEstudantil\/wp-content\/uploads\/2022\/09\/20220922_114810-1-2048x1071.jpg 2048w\" sizes=\"auto, (max-width: 1024px) 100vw, 1024px\" \/><\/figure>\n\n\n\n<p>Estes quatro alunos demonstraram empenho, responsabilidade, pontualidade, sentido de equipa e participaram em todas as atividades e tarefas, receberam um certificado de participa\u00e7\u00e3o na mobilidade e ter\u00e3o ainda a certifica\u00e7\u00e3o Europass Mobilidade (Documento europeu de certifica\u00e7\u00e3o de mobilidade, igual em todos os pa\u00edses)<\/p>\n\n\n\n<figure class=\"wp-block-image size-large\"><img loading=\"lazy\" decoding=\"async\" width=\"1024\" height=\"462\" src=\"https:\/\/erasmus-esl.pt\/BussolaEstudantil\/wp-content\/uploads\/2022\/09\/20220923_104442-1-1024x462.jpg\" alt=\"\" class=\"wp-image-1577\" srcset=\"https:\/\/erasmus-esl.pt\/BussolaEstudantil\/wp-content\/uploads\/2022\/09\/20220923_104442-1-1024x462.jpg 1024w, https:\/\/erasmus-esl.pt\/BussolaEstudantil\/wp-content\/uploads\/2022\/09\/20220923_104442-1-300x135.jpg 300w, https:\/\/erasmus-esl.pt\/BussolaEstudantil\/wp-content\/uploads\/2022\/09\/20220923_104442-1-768x346.jpg 768w, https:\/\/erasmus-esl.pt\/BussolaEstudantil\/wp-content\/uploads\/2022\/09\/20220923_104442-1-1536x692.jpg 1536w, https:\/\/erasmus-esl.pt\/BussolaEstudantil\/wp-content\/uploads\/2022\/09\/20220923_104442-1-2048x923.jpg 2048w\" sizes=\"auto, (max-width: 1024px) 100vw, 1024px\" \/><\/figure>\n\n\n\n<p>Finalmente, destaca-se o total apoio e colabora\u00e7\u00e3o dos pais destes quatro magn\u00edficos.<\/p>\n\n\n\n<p>Aqui ficam os testemunhos dos alunos:<\/p>\n\n\n\n<p>\u201cFoi uma experi\u00eancia fant\u00e1stica onde pude conhecer pessoas fant\u00e1sticas e adquirir conhecimentos \u00fateis para a vida.\u201d \u2013 Cristiano Eus\u00e9bio<\/p>\n\n\n\n<p>Experiencia inacredit\u00e1vel e com pessoas fant\u00e1sticas. Tudo o que vi, ensinou-me algo que n\u00e3o vou poder esquecer. As pessoas, as culturas, as paisagens, as hist\u00f3rias, tudo inesquec\u00edvel e que deixou mem\u00f3rias memor\u00e1veis\u201d. In\u00eas Santos<\/p>\n\n\n\n<p>\u201c\u2019Once in a lifetime experience\u2019. Extraordin\u00e1rio a diversidade de culturas e costumes que ficamos a conhecer e as semelhan\u00e7as que nos unem\u201d. Mateus Andrade<\/p>\n\n\n\n<p>\u201cForam dias incr\u00edveis e inexplic\u00e1veis, rodeados de pessoas, paisagens e culturas que nunca vou esquecer. Esta viagem ensinou-nos muito a v\u00e1rios n\u00edveis. Sara Leonardo<\/p>\n\n\n\n<figure class=\"wp-block-image size-large\"><img loading=\"lazy\" decoding=\"async\" width=\"1024\" height=\"644\" src=\"https:\/\/erasmus-esl.pt\/BussolaEstudantil\/wp-content\/uploads\/2022\/09\/20220923_103646-1024x644.jpg\" alt=\"\" class=\"wp-image-1578\" srcset=\"https:\/\/erasmus-esl.pt\/BussolaEstudantil\/wp-content\/uploads\/2022\/09\/20220923_103646-1024x644.jpg 1024w, https:\/\/erasmus-esl.pt\/BussolaEstudantil\/wp-content\/uploads\/2022\/09\/20220923_103646-300x189.jpg 300w, https:\/\/erasmus-esl.pt\/BussolaEstudantil\/wp-content\/uploads\/2022\/09\/20220923_103646-768x483.jpg 768w, https:\/\/erasmus-esl.pt\/BussolaEstudantil\/wp-content\/uploads\/2022\/09\/20220923_103646-1536x966.jpg 1536w, https:\/\/erasmus-esl.pt\/BussolaEstudantil\/wp-content\/uploads\/2022\/09\/20220923_103646-2048x1288.jpg 2048w\" sizes=\"auto, (max-width: 1024px) 100vw, 1024px\" \/><\/figure>\n<div class=\"pvc_clear\"><\/div><p id=\"pvc_stats_1561\" class=\"pvc_stats all  \" data-element-id=\"1561\" style=\"\"><i class=\"pvc-stats-icon medium\" aria-hidden=\"true\"><svg aria-hidden=\"true\" focusable=\"false\" data-prefix=\"far\" data-icon=\"chart-bar\" role=\"img\" xmlns=\"http:\/\/www.w3.org\/2000\/svg\" viewBox=\"0 0 512 512\" class=\"svg-inline--fa fa-chart-bar fa-w-16 fa-2x\"><path fill=\"currentColor\" d=\"M396.8 352h22.4c6.4 0 12.8-6.4 12.8-12.8V108.8c0-6.4-6.4-12.8-12.8-12.8h-22.4c-6.4 0-12.8 6.4-12.8 12.8v230.4c0 6.4 6.4 12.8 12.8 12.8zm-192 0h22.4c6.4 0 12.8-6.4 12.8-12.8V140.8c0-6.4-6.4-12.8-12.8-12.8h-22.4c-6.4 0-12.8 6.4-12.8 12.8v198.4c0 6.4 6.4 12.8 12.8 12.8zm96 0h22.4c6.4 0 12.8-6.4 12.8-12.8V204.8c0-6.4-6.4-12.8-12.8-12.8h-22.4c-6.4 0-12.8 6.4-12.8 12.8v134.4c0 6.4 6.4 12.8 12.8 12.8zM496 400H48V80c0-8.84-7.16-16-16-16H16C7.16 64 0 71.16 0 80v336c0 17.67 14.33 32 32 32h464c8.84 0 16-7.16 16-16v-16c0-8.84-7.16-16-16-16zm-387.2-48h22.4c6.4 0 12.8-6.4 12.8-12.8v-70.4c0-6.4-6.4-12.8-12.8-12.8h-22.4c-6.4 0-12.8 6.4-12.8 12.8v70.4c0 6.4 6.4 12.8 12.8 12.8z\" class=\"\"><\/path><\/svg><\/i> <img loading=\"lazy\" decoding=\"async\" width=\"16\" height=\"16\" alt=\"Loading\" src=\"https:\/\/erasmus-esl.pt\/BussolaEstudantil\/wp-content\/plugins\/page-views-count\/ajax-loader-2x.gif\" border=0 \/><\/p><div class=\"pvc_clear\"><\/div>","protected":false},"excerpt":{"rendered":"<p>Entre os dias 16 a 25 de setembro de 2022, 4 alunos e 2 professores da Escola Secund\u00e1ria de Loul\u00e9 deslocaram-se \u00e0 escola francesa Lyc\u00e9e Professionnel La Trinit\u00e9, na Martinica, no \u00e2mbito do projeto Erasmus + &nbsp;Construisons l&#8217;Espace de Vie de Demain, cujos parceiros s\u00e3o oriundos de seis escolas europeias &#8211; \u00c1ustria, Eslov\u00e9nia, Est\u00f3nia, da [&hellip;]<\/p>\n<div class=\"pvc_clear\"><\/div>\n<p id=\"pvc_stats_1561\" class=\"pvc_stats all  \" data-element-id=\"1561\" style=\"\"><i class=\"pvc-stats-icon medium\" aria-hidden=\"true\"><svg aria-hidden=\"true\" focusable=\"false\" data-prefix=\"far\" data-icon=\"chart-bar\" role=\"img\" xmlns=\"http:\/\/www.w3.org\/2000\/svg\" viewBox=\"0 0 512 512\" class=\"svg-inline--fa fa-chart-bar fa-w-16 fa-2x\"><path fill=\"currentColor\" d=\"M396.8 352h22.4c6.4 0 12.8-6.4 12.8-12.8V108.8c0-6.4-6.4-12.8-12.8-12.8h-22.4c-6.4 0-12.8 6.4-12.8 12.8v230.4c0 6.4 6.4 12.8 12.8 12.8zm-192 0h22.4c6.4 0 12.8-6.4 12.8-12.8V140.8c0-6.4-6.4-12.8-12.8-12.8h-22.4c-6.4 0-12.8 6.4-12.8 12.8v198.4c0 6.4 6.4 12.8 12.8 12.8zm96 0h22.4c6.4 0 12.8-6.4 12.8-12.8V204.8c0-6.4-6.4-12.8-12.8-12.8h-22.4c-6.4 0-12.8 6.4-12.8 12.8v134.4c0 6.4 6.4 12.8 12.8 12.8zM496 400H48V80c0-8.84-7.16-16-16-16H16C7.16 64 0 71.16 0 80v336c0 17.67 14.33 32 32 32h464c8.84 0 16-7.16 16-16v-16c0-8.84-7.16-16-16-16zm-387.2-48h22.4c6.4 0 12.8-6.4 12.8-12.8v-70.4c0-6.4-6.4-12.8-12.8-12.8h-22.4c-6.4 0-12.8 6.4-12.8 12.8v70.4c0 6.4 6.4 12.8 12.8 12.8z\" class=\"\"><\/path><\/svg><\/i> <img loading=\"lazy\" decoding=\"async\" width=\"16\" height=\"16\" alt=\"Loading\" src=\"https:\/\/erasmus-esl.pt\/BussolaEstudantil\/wp-content\/plugins\/page-views-count\/ajax-loader-2x.gif\" border=0 \/><\/p>\n<div class=\"pvc_clear\"><\/div>\n","protected":false},"author":1,"featured_media":1564,"comment_status":"open","ping_status":"open","sticky":false,"template":"","format":"standard","meta":{"footnotes":""},"categories":[15,7,1],"tags":[],"class_list":["post-1561","post","type-post","status-publish","format-standard","has-post-thumbnail","hentry","category-erasmus","category-nos-por-la","category-sugestoes"],"_links":{"self":[{"href":"https:\/\/erasmus-esl.pt\/BussolaEstudantil\/wp-json\/wp\/v2\/posts\/1561","targetHints":{"allow":["GET"]}}],"collection":[{"href":"https:\/\/erasmus-esl.pt\/BussolaEstudantil\/wp-json\/wp\/v2\/posts"}],"about":[{"href":"https:\/\/erasmus-esl.pt\/BussolaEstudantil\/wp-json\/wp\/v2\/types\/post"}],"author":[{"embeddable":true,"href":"https:\/\/erasmus-esl.pt\/BussolaEstudantil\/wp-json\/wp\/v2\/users\/1"}],"replies":[{"embeddable":true,"href":"https:\/\/erasmus-esl.pt\/BussolaEstudantil\/wp-json\/wp\/v2\/comments?post=1561"}],"version-history":[{"count":-2,"href":"https:\/\/erasmus-esl.pt\/BussolaEstudantil\/wp-json\/wp\/v2\/posts\/1561\/revisions"}],"wp:featuredmedia":[{"embeddable":true,"href":"https:\/\/erasmus-esl.pt\/BussolaEstudantil\/wp-json\/wp\/v2\/media\/1564"}],"wp:attachment":[{"href":"https:\/\/erasmus-esl.pt\/BussolaEstudantil\/wp-json\/wp\/v2\/media?parent=1561"}],"wp:term":[{"taxonomy":"category","embeddable":true,"href":"https:\/\/erasmus-esl.pt\/BussolaEstudantil\/wp-json\/wp\/v2\/categories?post=1561"},{"taxonomy":"post_tag","embeddable":true,"href":"https:\/\/erasmus-esl.pt\/BussolaEstudantil\/wp-json\/wp\/v2\/tags?post=1561"}],"curies":[{"name":"wp","href":"https:\/\/api.w.org\/{rel}","templated":true}]}}