{"id":1531,"date":"2022-06-20T10:18:57","date_gmt":"2022-06-20T10:18:57","guid":{"rendered":"https:\/\/erasmus-esl.pt\/BussolaEstudantil\/?p=1531"},"modified":"2022-06-22T10:55:03","modified_gmt":"2022-06-22T10:55:03","slug":"alunas-portuguesas-na-espanha","status":"publish","type":"post","link":"https:\/\/erasmus-esl.pt\/BussolaEstudantil\/blog\/2022\/06\/20\/alunas-portuguesas-na-espanha\/","title":{"rendered":"Alunas Portuguesas na Espanha"},"content":{"rendered":"\n<p>Na segunda semana de maio, 5 alunas do 10\u00ba, acompanhadas por dois professores de EF, foram a Sant Cugat del Vall\u00e8s, num dos projetos Erasmus+.<\/p>\n\n\n\n<p>&nbsp;&nbsp;&nbsp; Entre os dias 9 a 13 de maio, cinco alunas do 10\u00ba ano (acompanhadas pelos professores Rui Medina e Jo\u00e3o Nunes) viajaram at\u00e9 Sant Cugat del Vall\u00e8s, uma vila perto de Barcelona. O primeiro e \u00faltimo dia foi passado a viajar, e os restantes tr\u00eas em atividades.<\/p>\n\n\n\n<p>&nbsp;&nbsp;&nbsp; Esta viagem foi a segunda das quatro viagens previstas para o projeto Erasmus+ Healthy Heritage Tracks, cujo foco principal \u00e9 promover a atividade f\u00edsica. H\u00e1 quatro escolas de quatro pa\u00edses envolvidos: Portugal, Espanha, Turquia e Finl\u00e2ndia, que foi o primeiro pa\u00eds visitado. Portugal ser\u00e1 o \u00faltimo.<\/p>\n\n\n\n<p>&nbsp;&nbsp;&nbsp; O primeiro dia foi todo de viagem. De Faro a Sevilha de autocarro, Sevilha a Madrid de comboio e de Madrid a Barcelona noutro comboio. \u00c0 meia noite e meia chegaram ao hotel em Sant Cugat del Vall\u00e8s, onde passaram a noite antes de se juntarem aos outros grupos.<\/p>\n\n\n\n<p>&nbsp;&nbsp;&nbsp; Na manh\u00e3 seguinte, o grupo todo do Erasmus encontrou-se na escola, onde apanharam o autocarro para uma praia nos arredores de Barcelona para um dia cheio. Fizeram desportos como a canoagem, SUP e v\u00f4lei, dan\u00e7as e jogos espanh\u00f3is ca\u00f3ticos. \u00c0 tarde, os alunos espanh\u00f3is organizaram, por iniciativa pr\u00f3pria, uma festa, na casa duma das espanholas, para todos os alunos no programa se conhecerem. L\u00e1 comeram comidas tradicionais e pizza, dan\u00e7aram dan\u00e7as tradicionais e jogaram ao telem\u00f3vel estragado com palavras e express\u00f5es de cada pa\u00eds. Foi uma ideia fant\u00e1stica para quebrar o gelo (quem for hospedar alunos num projeto de interc\u00e2mbio, toma nota).&nbsp;<\/p>\n\n\n\n<p>&nbsp;&nbsp;&nbsp; O terceiro dia foi passado todo em Barcelona. Chegaram l\u00e1 de metro, e a primeira paragem foi La Sagrada Fam\u00edlia. Neste monumento ainda em constru\u00e7\u00e3o encontram-se exposi\u00e7\u00f5es de arte e mini museus, incluindo um com os modelos e proje\u00e7\u00f5es da Sagrada Fam\u00edlia, que os alunos tamb\u00e9m visitaram. Ap\u00f3s, foram visitar alguns dos edif\u00edcios arquitetados por Gaudi e alguns exemplos da arquitetura g\u00f3tica de Barcelona. Depois do almo\u00e7o, os alunos dividiram-se em pequenos grupos e visitaram alguns dos pontos tur\u00edsticos e monumentos da cidade.<\/p>\n\n\n\n<p>&nbsp;&nbsp;&nbsp; No \u00faltimo dia de atividades, os alunos dividiram-se em grupos e cada um apresentou um local que visitaram no dia anterior. Ap\u00f3s uma pequena pausa depois das apresenta\u00e7\u00f5es, foram visitar uma floresta entre Barcelona e Sant Cugat del Vall\u00e8s, onde fizeram atividades de memoriza\u00e7\u00e3o de nomes e palavras de cada pa\u00eds. Na parte da tarde, as alunas portuguesas visitaram, com alguns alunos espanh\u00f3is e finlandeses, o Museu Nacional de Arte da Catalunha, um lindo pal\u00e1cio antigo, e uma antiga arena de touros transformada em shopping. \u00c0 noite, os alunos espanh\u00f3is organizaram uma festa de despedida, como forma de acabar em grande a visita.<\/p>\n\n\n\n<p>&nbsp;&nbsp;&nbsp; A viagem de volta a Portugal foi mais relaxante que a ida. O comboio foi direto de Barcelona a Sevilha, e de Sevilha a Faro os portugueses foram de novo de comboio.&nbsp;<\/p>\n\n\n\n<p>&nbsp;&nbsp;&nbsp; As viagens de Erasmus (ou outro tipo de interc\u00e2mbio) s\u00e3o uma excelente forma de fazer uma \u201cpausa\u201d na nossa vida e de descobrirmos novas coisas no processo. Ficar uma semana fora da escola e visitar novos s\u00edtios e novas pessoas n\u00e3o \u00e9, de todo, um desperd\u00edcio de tempo. Todas as pessoas que j\u00e1 fizeram isto ir\u00e3o dizer que \u00e9 a melhor coisa que se pode fazer. Recomendo a todos que inscrevam-se num projeto de interc\u00e2mbio e aproveitarem a juventude.<\/p>\n\n\n\n<p><em>Julia Whitelaw, 10\u00b0C<\/em><\/p>\n\n\n\n<figure class=\"wp-block-image size-large\"><img loading=\"lazy\" decoding=\"async\" width=\"1024\" height=\"768\" src=\"https:\/\/erasmus-esl.pt\/BussolaEstudantil\/wp-content\/uploads\/2022\/06\/PHOTO-2022-06-21-12-33-54-1024x768.jpg\" alt=\"\" class=\"wp-image-1533\" srcset=\"https:\/\/erasmus-esl.pt\/BussolaEstudantil\/wp-content\/uploads\/2022\/06\/PHOTO-2022-06-21-12-33-54-1024x768.jpg 1024w, https:\/\/erasmus-esl.pt\/BussolaEstudantil\/wp-content\/uploads\/2022\/06\/PHOTO-2022-06-21-12-33-54-300x225.jpg 300w, https:\/\/erasmus-esl.pt\/BussolaEstudantil\/wp-content\/uploads\/2022\/06\/PHOTO-2022-06-21-12-33-54-768x576.jpg 768w, https:\/\/erasmus-esl.pt\/BussolaEstudantil\/wp-content\/uploads\/2022\/06\/PHOTO-2022-06-21-12-33-54-1536x1152.jpg 1536w, https:\/\/erasmus-esl.pt\/BussolaEstudantil\/wp-content\/uploads\/2022\/06\/PHOTO-2022-06-21-12-33-54.jpg 1600w\" sizes=\"auto, (max-width: 1024px) 100vw, 1024px\" \/><\/figure>\n\n\n\n<figure class=\"wp-block-image size-large\"><img loading=\"lazy\" decoding=\"async\" width=\"768\" height=\"1024\" src=\"https:\/\/erasmus-esl.pt\/BussolaEstudantil\/wp-content\/uploads\/2022\/06\/PHOTO-2022-06-21-12-34-25-768x1024.jpg\" alt=\"\" class=\"wp-image-1534\" srcset=\"https:\/\/erasmus-esl.pt\/BussolaEstudantil\/wp-content\/uploads\/2022\/06\/PHOTO-2022-06-21-12-34-25-768x1024.jpg 768w, https:\/\/erasmus-esl.pt\/BussolaEstudantil\/wp-content\/uploads\/2022\/06\/PHOTO-2022-06-21-12-34-25-225x300.jpg 225w, https:\/\/erasmus-esl.pt\/BussolaEstudantil\/wp-content\/uploads\/2022\/06\/PHOTO-2022-06-21-12-34-25-1152x1536.jpg 1152w, https:\/\/erasmus-esl.pt\/BussolaEstudantil\/wp-content\/uploads\/2022\/06\/PHOTO-2022-06-21-12-34-25.jpg 1200w\" sizes=\"auto, (max-width: 768px) 100vw, 768px\" \/><\/figure>\n\n\n\n<figure class=\"wp-block-image size-large\"><img loading=\"lazy\" decoding=\"async\" width=\"768\" height=\"1024\" src=\"https:\/\/erasmus-esl.pt\/BussolaEstudantil\/wp-content\/uploads\/2022\/06\/PHOTO-2022-06-21-12-35-34-768x1024.jpg\" alt=\"\" class=\"wp-image-1535\" srcset=\"https:\/\/erasmus-esl.pt\/BussolaEstudantil\/wp-content\/uploads\/2022\/06\/PHOTO-2022-06-21-12-35-34-768x1024.jpg 768w, https:\/\/erasmus-esl.pt\/BussolaEstudantil\/wp-content\/uploads\/2022\/06\/PHOTO-2022-06-21-12-35-34-225x300.jpg 225w, https:\/\/erasmus-esl.pt\/BussolaEstudantil\/wp-content\/uploads\/2022\/06\/PHOTO-2022-06-21-12-35-34-1152x1536.jpg 1152w, https:\/\/erasmus-esl.pt\/BussolaEstudantil\/wp-content\/uploads\/2022\/06\/PHOTO-2022-06-21-12-35-34.jpg 1200w\" sizes=\"auto, (max-width: 768px) 100vw, 768px\" \/><\/figure>\n<div class=\"pvc_clear\"><\/div><p id=\"pvc_stats_1531\" class=\"pvc_stats all  \" data-element-id=\"1531\" style=\"\"><i class=\"pvc-stats-icon medium\" aria-hidden=\"true\"><svg aria-hidden=\"true\" focusable=\"false\" data-prefix=\"far\" data-icon=\"chart-bar\" role=\"img\" xmlns=\"http:\/\/www.w3.org\/2000\/svg\" viewBox=\"0 0 512 512\" class=\"svg-inline--fa fa-chart-bar fa-w-16 fa-2x\"><path fill=\"currentColor\" d=\"M396.8 352h22.4c6.4 0 12.8-6.4 12.8-12.8V108.8c0-6.4-6.4-12.8-12.8-12.8h-22.4c-6.4 0-12.8 6.4-12.8 12.8v230.4c0 6.4 6.4 12.8 12.8 12.8zm-192 0h22.4c6.4 0 12.8-6.4 12.8-12.8V140.8c0-6.4-6.4-12.8-12.8-12.8h-22.4c-6.4 0-12.8 6.4-12.8 12.8v198.4c0 6.4 6.4 12.8 12.8 12.8zm96 0h22.4c6.4 0 12.8-6.4 12.8-12.8V204.8c0-6.4-6.4-12.8-12.8-12.8h-22.4c-6.4 0-12.8 6.4-12.8 12.8v134.4c0 6.4 6.4 12.8 12.8 12.8zM496 400H48V80c0-8.84-7.16-16-16-16H16C7.16 64 0 71.16 0 80v336c0 17.67 14.33 32 32 32h464c8.84 0 16-7.16 16-16v-16c0-8.84-7.16-16-16-16zm-387.2-48h22.4c6.4 0 12.8-6.4 12.8-12.8v-70.4c0-6.4-6.4-12.8-12.8-12.8h-22.4c-6.4 0-12.8 6.4-12.8 12.8v70.4c0 6.4 6.4 12.8 12.8 12.8z\" class=\"\"><\/path><\/svg><\/i> <img loading=\"lazy\" decoding=\"async\" width=\"16\" height=\"16\" alt=\"Loading\" src=\"https:\/\/erasmus-esl.pt\/BussolaEstudantil\/wp-content\/plugins\/page-views-count\/ajax-loader-2x.gif\" border=0 \/><\/p><div class=\"pvc_clear\"><\/div>","protected":false},"excerpt":{"rendered":"<p>Na segunda semana de maio, 5 alunas do 10\u00ba, acompanhadas por dois professores de EF, foram a Sant Cugat del Vall\u00e8s, num dos projetos Erasmus+. &nbsp;&nbsp;&nbsp; Entre os dias 9 a 13 de maio, cinco alunas do 10\u00ba ano (acompanhadas pelos professores Rui Medina e Jo\u00e3o Nunes) viajaram at\u00e9 Sant Cugat del Vall\u00e8s, uma vila [&hellip;]<\/p>\n<div class=\"pvc_clear\"><\/div>\n<p id=\"pvc_stats_1531\" class=\"pvc_stats all  \" data-element-id=\"1531\" style=\"\"><i class=\"pvc-stats-icon medium\" aria-hidden=\"true\"><svg aria-hidden=\"true\" focusable=\"false\" data-prefix=\"far\" data-icon=\"chart-bar\" role=\"img\" xmlns=\"http:\/\/www.w3.org\/2000\/svg\" viewBox=\"0 0 512 512\" class=\"svg-inline--fa fa-chart-bar fa-w-16 fa-2x\"><path fill=\"currentColor\" d=\"M396.8 352h22.4c6.4 0 12.8-6.4 12.8-12.8V108.8c0-6.4-6.4-12.8-12.8-12.8h-22.4c-6.4 0-12.8 6.4-12.8 12.8v230.4c0 6.4 6.4 12.8 12.8 12.8zm-192 0h22.4c6.4 0 12.8-6.4 12.8-12.8V140.8c0-6.4-6.4-12.8-12.8-12.8h-22.4c-6.4 0-12.8 6.4-12.8 12.8v198.4c0 6.4 6.4 12.8 12.8 12.8zm96 0h22.4c6.4 0 12.8-6.4 12.8-12.8V204.8c0-6.4-6.4-12.8-12.8-12.8h-22.4c-6.4 0-12.8 6.4-12.8 12.8v134.4c0 6.4 6.4 12.8 12.8 12.8zM496 400H48V80c0-8.84-7.16-16-16-16H16C7.16 64 0 71.16 0 80v336c0 17.67 14.33 32 32 32h464c8.84 0 16-7.16 16-16v-16c0-8.84-7.16-16-16-16zm-387.2-48h22.4c6.4 0 12.8-6.4 12.8-12.8v-70.4c0-6.4-6.4-12.8-12.8-12.8h-22.4c-6.4 0-12.8 6.4-12.8 12.8v70.4c0 6.4 6.4 12.8 12.8 12.8z\" class=\"\"><\/path><\/svg><\/i> <img loading=\"lazy\" decoding=\"async\" width=\"16\" height=\"16\" alt=\"Loading\" src=\"https:\/\/erasmus-esl.pt\/BussolaEstudantil\/wp-content\/plugins\/page-views-count\/ajax-loader-2x.gif\" border=0 \/><\/p>\n<div class=\"pvc_clear\"><\/div>\n","protected":false},"author":1,"featured_media":1533,"comment_status":"open","ping_status":"open","sticky":false,"template":"","format":"standard","meta":{"footnotes":""},"categories":[15,7],"tags":[],"class_list":["post-1531","post","type-post","status-publish","format-standard","has-post-thumbnail","hentry","category-erasmus","category-nos-por-la"],"_links":{"self":[{"href":"https:\/\/erasmus-esl.pt\/BussolaEstudantil\/wp-json\/wp\/v2\/posts\/1531","targetHints":{"allow":["GET"]}}],"collection":[{"href":"https:\/\/erasmus-esl.pt\/BussolaEstudantil\/wp-json\/wp\/v2\/posts"}],"about":[{"href":"https:\/\/erasmus-esl.pt\/BussolaEstudantil\/wp-json\/wp\/v2\/types\/post"}],"author":[{"embeddable":true,"href":"https:\/\/erasmus-esl.pt\/BussolaEstudantil\/wp-json\/wp\/v2\/users\/1"}],"replies":[{"embeddable":true,"href":"https:\/\/erasmus-esl.pt\/BussolaEstudantil\/wp-json\/wp\/v2\/comments?post=1531"}],"version-history":[{"count":-3,"href":"https:\/\/erasmus-esl.pt\/BussolaEstudantil\/wp-json\/wp\/v2\/posts\/1531\/revisions"}],"wp:featuredmedia":[{"embeddable":true,"href":"https:\/\/erasmus-esl.pt\/BussolaEstudantil\/wp-json\/wp\/v2\/media\/1533"}],"wp:attachment":[{"href":"https:\/\/erasmus-esl.pt\/BussolaEstudantil\/wp-json\/wp\/v2\/media?parent=1531"}],"wp:term":[{"taxonomy":"category","embeddable":true,"href":"https:\/\/erasmus-esl.pt\/BussolaEstudantil\/wp-json\/wp\/v2\/categories?post=1531"},{"taxonomy":"post_tag","embeddable":true,"href":"https:\/\/erasmus-esl.pt\/BussolaEstudantil\/wp-json\/wp\/v2\/tags?post=1531"}],"curies":[{"name":"wp","href":"https:\/\/api.w.org\/{rel}","templated":true}]}}