{"id":1266,"date":"2022-04-07T16:54:00","date_gmt":"2022-04-07T16:54:00","guid":{"rendered":"https:\/\/erasmus-esl.pt\/BussolaEstudantil\/?p=1266"},"modified":"2022-05-03T16:55:58","modified_gmt":"2022-05-03T16:55:58","slug":"mobilidade-a-irlanda-no-ambito-do-projeto-erasmus-cit-dipp-lingo","status":"publish","type":"post","link":"https:\/\/erasmus-esl.pt\/BussolaEstudantil\/blog\/2022\/04\/07\/mobilidade-a-irlanda-no-ambito-do-projeto-erasmus-cit-dipp-lingo\/","title":{"rendered":"Mobilidade \u00e0 Irlanda no \u00e2mbito do Projeto Erasmus+ CIT DIPP LINGO"},"content":{"rendered":"\n<p>Entre os dias 4 a 7 de abril de 2022, 10 alunos e 3 professores realizaram<br>uma mobilidade \u00e0 escola Irlandesa de St. Ciaran&#8217;s Community School, Kells<\/p>\n\n\n\n<p>Mobilidade \u00e0 Irlanda no \u00e2mbito do Projeto Erasmus+ Combining IT and marketing to help make learning a language fun &#8211; CIT DIPP LINGO<br>Entre os dias 4 a 7 de abril de 2022, 10 alunos e 3 professores realizaram uma mobilidade \u00e0 escola Irlandesa de St. Ciaran&#8217;s Community School, Kells, no \u00e2mbito do projeto Erasmus+ indicado anteriormente.<br>Os alunos participantes foram:<br>Andr\u00e9 Chumbinho -12.\u00ba Zi<br>Bruno Revez &#8211; 12.\u00ba Ua<br>Cristiana Guerreiro &#8211; 12.\u00ba K<br>Filipe Fernandes &#8211; 11.\u00ba Up2<br>Francisco Guerreiro &#8211; 11.\u00ba Up2<br>In\u00eas Santos &#8211; 11.\u00ba Uc<br>Joana Nobre &#8211; 12.\u00ba K<br>Joel Br\u00e1s &#8211; 12.\u00ba Zg<br>Nuno Araujo &#8211; 11.\u00ba Uc<br>Paulo Ferreira &#8211; 12.\u00ba Zi<br>e os professores Ana Teresa Pereira, Gisela Barros e Paulo Ribeiro.<br>Este projeto engloba escolas da Pol\u00f3nia, Irlanda, Alemanha e Portugal que desenvolvem em conjunto ferramentas digitais, nomeadamente uma aplica\u00e7\u00e3o android para telem\u00f3veis, que consiste numa apresenta\u00e7\u00e3o da Escola a que pertence, Cidade e Regi\u00e3o.<br>Os alunos para esta mobilidade realizaram alguns trabalhos que ficar\u00e3o como produtos do projeto, como um v\u00eddeo de como cozinhar uma receita de bacalhau \u00e0 Br\u00e1s, apresenta\u00e7\u00e3o do trabalho j\u00e1 realizado na aplica\u00e7\u00e3o APPSHED, a apresenta\u00e7\u00e3o dos cursos a que pertence. Estas apresenta\u00e7\u00f5es foram realizadas de forma a que as mesmas possam ser assistidas remotamente e sem apoio.<br>Os alunos ainda aprenderam a fazer este tipo de apresenta\u00e7\u00f5es.<br>Os alunos e professores visitaram alguns s\u00edtios emblem\u00e1ticos perto de Kells, e participaram em atividades de sobreviv\u00eancia e ecol\u00f3gicas, como apanhar o lixo na praia.<br>Todos os alunos envolvidos nesta mobilidade demonstraram elevado grau de participa\u00e7\u00e3o, responsabilidade e empenho em todas as tarefas propostas.<br>Todos os alunos tiveram direito a um certificado de participa\u00e7\u00e3o na mobilidade e um Europass Mobilidade.<\/p>\n\n\n\n<figure class=\"wp-block-image size-large\"><img loading=\"lazy\" decoding=\"async\" width=\"800\" height=\"600\" src=\"https:\/\/erasmus-esl.pt\/BussolaEstudantil\/wp-content\/uploads\/2022\/05\/mini_news_sub_202204251826_179_ximg_20220406_121007.jpg\" alt=\"\" class=\"wp-image-1267\" srcset=\"https:\/\/erasmus-esl.pt\/BussolaEstudantil\/wp-content\/uploads\/2022\/05\/mini_news_sub_202204251826_179_ximg_20220406_121007.jpg 800w, https:\/\/erasmus-esl.pt\/BussolaEstudantil\/wp-content\/uploads\/2022\/05\/mini_news_sub_202204251826_179_ximg_20220406_121007-300x225.jpg 300w, https:\/\/erasmus-esl.pt\/BussolaEstudantil\/wp-content\/uploads\/2022\/05\/mini_news_sub_202204251826_179_ximg_20220406_121007-768x576.jpg 768w\" sizes=\"auto, (max-width: 800px) 100vw, 800px\" \/><\/figure>\n<div class=\"pvc_clear\"><\/div><p id=\"pvc_stats_1266\" class=\"pvc_stats all  \" data-element-id=\"1266\" style=\"\"><i class=\"pvc-stats-icon medium\" aria-hidden=\"true\"><svg aria-hidden=\"true\" focusable=\"false\" data-prefix=\"far\" data-icon=\"chart-bar\" role=\"img\" xmlns=\"http:\/\/www.w3.org\/2000\/svg\" viewBox=\"0 0 512 512\" class=\"svg-inline--fa fa-chart-bar fa-w-16 fa-2x\"><path fill=\"currentColor\" d=\"M396.8 352h22.4c6.4 0 12.8-6.4 12.8-12.8V108.8c0-6.4-6.4-12.8-12.8-12.8h-22.4c-6.4 0-12.8 6.4-12.8 12.8v230.4c0 6.4 6.4 12.8 12.8 12.8zm-192 0h22.4c6.4 0 12.8-6.4 12.8-12.8V140.8c0-6.4-6.4-12.8-12.8-12.8h-22.4c-6.4 0-12.8 6.4-12.8 12.8v198.4c0 6.4 6.4 12.8 12.8 12.8zm96 0h22.4c6.4 0 12.8-6.4 12.8-12.8V204.8c0-6.4-6.4-12.8-12.8-12.8h-22.4c-6.4 0-12.8 6.4-12.8 12.8v134.4c0 6.4 6.4 12.8 12.8 12.8zM496 400H48V80c0-8.84-7.16-16-16-16H16C7.16 64 0 71.16 0 80v336c0 17.67 14.33 32 32 32h464c8.84 0 16-7.16 16-16v-16c0-8.84-7.16-16-16-16zm-387.2-48h22.4c6.4 0 12.8-6.4 12.8-12.8v-70.4c0-6.4-6.4-12.8-12.8-12.8h-22.4c-6.4 0-12.8 6.4-12.8 12.8v70.4c0 6.4 6.4 12.8 12.8 12.8z\" class=\"\"><\/path><\/svg><\/i> <img loading=\"lazy\" decoding=\"async\" width=\"16\" height=\"16\" alt=\"Loading\" src=\"https:\/\/erasmus-esl.pt\/BussolaEstudantil\/wp-content\/plugins\/page-views-count\/ajax-loader-2x.gif\" border=0 \/><\/p><div class=\"pvc_clear\"><\/div>","protected":false},"excerpt":{"rendered":"<p>Entre os dias 4 a 7 de abril de 2022, 10 alunos e 3 professores realizaramuma mobilidade \u00e0 escola Irlandesa de St. Ciaran&#8217;s Community School, Kells Mobilidade \u00e0 Irlanda no \u00e2mbito do Projeto Erasmus+ Combining IT and marketing to help make learning a language fun &#8211; CIT DIPP LINGOEntre os dias 4 a 7 de [&hellip;]<\/p>\n<div class=\"pvc_clear\"><\/div>\n<p id=\"pvc_stats_1266\" class=\"pvc_stats all  \" data-element-id=\"1266\" style=\"\"><i class=\"pvc-stats-icon medium\" aria-hidden=\"true\"><svg aria-hidden=\"true\" focusable=\"false\" data-prefix=\"far\" data-icon=\"chart-bar\" role=\"img\" xmlns=\"http:\/\/www.w3.org\/2000\/svg\" viewBox=\"0 0 512 512\" class=\"svg-inline--fa fa-chart-bar fa-w-16 fa-2x\"><path fill=\"currentColor\" d=\"M396.8 352h22.4c6.4 0 12.8-6.4 12.8-12.8V108.8c0-6.4-6.4-12.8-12.8-12.8h-22.4c-6.4 0-12.8 6.4-12.8 12.8v230.4c0 6.4 6.4 12.8 12.8 12.8zm-192 0h22.4c6.4 0 12.8-6.4 12.8-12.8V140.8c0-6.4-6.4-12.8-12.8-12.8h-22.4c-6.4 0-12.8 6.4-12.8 12.8v198.4c0 6.4 6.4 12.8 12.8 12.8zm96 0h22.4c6.4 0 12.8-6.4 12.8-12.8V204.8c0-6.4-6.4-12.8-12.8-12.8h-22.4c-6.4 0-12.8 6.4-12.8 12.8v134.4c0 6.4 6.4 12.8 12.8 12.8zM496 400H48V80c0-8.84-7.16-16-16-16H16C7.16 64 0 71.16 0 80v336c0 17.67 14.33 32 32 32h464c8.84 0 16-7.16 16-16v-16c0-8.84-7.16-16-16-16zm-387.2-48h22.4c6.4 0 12.8-6.4 12.8-12.8v-70.4c0-6.4-6.4-12.8-12.8-12.8h-22.4c-6.4 0-12.8 6.4-12.8 12.8v70.4c0 6.4 6.4 12.8 12.8 12.8z\" class=\"\"><\/path><\/svg><\/i> <img loading=\"lazy\" decoding=\"async\" width=\"16\" height=\"16\" alt=\"Loading\" src=\"https:\/\/erasmus-esl.pt\/BussolaEstudantil\/wp-content\/plugins\/page-views-count\/ajax-loader-2x.gif\" border=0 \/><\/p>\n<div class=\"pvc_clear\"><\/div>\n","protected":false},"author":1,"featured_media":1267,"comment_status":"open","ping_status":"open","sticky":false,"template":"","format":"standard","meta":{"footnotes":""},"categories":[15,7],"tags":[],"class_list":["post-1266","post","type-post","status-publish","format-standard","has-post-thumbnail","hentry","category-erasmus","category-nos-por-la"],"_links":{"self":[{"href":"https:\/\/erasmus-esl.pt\/BussolaEstudantil\/wp-json\/wp\/v2\/posts\/1266","targetHints":{"allow":["GET"]}}],"collection":[{"href":"https:\/\/erasmus-esl.pt\/BussolaEstudantil\/wp-json\/wp\/v2\/posts"}],"about":[{"href":"https:\/\/erasmus-esl.pt\/BussolaEstudantil\/wp-json\/wp\/v2\/types\/post"}],"author":[{"embeddable":true,"href":"https:\/\/erasmus-esl.pt\/BussolaEstudantil\/wp-json\/wp\/v2\/users\/1"}],"replies":[{"embeddable":true,"href":"https:\/\/erasmus-esl.pt\/BussolaEstudantil\/wp-json\/wp\/v2\/comments?post=1266"}],"version-history":[{"count":-4,"href":"https:\/\/erasmus-esl.pt\/BussolaEstudantil\/wp-json\/wp\/v2\/posts\/1266\/revisions"}],"wp:featuredmedia":[{"embeddable":true,"href":"https:\/\/erasmus-esl.pt\/BussolaEstudantil\/wp-json\/wp\/v2\/media\/1267"}],"wp:attachment":[{"href":"https:\/\/erasmus-esl.pt\/BussolaEstudantil\/wp-json\/wp\/v2\/media?parent=1266"}],"wp:term":[{"taxonomy":"category","embeddable":true,"href":"https:\/\/erasmus-esl.pt\/BussolaEstudantil\/wp-json\/wp\/v2\/categories?post=1266"},{"taxonomy":"post_tag","embeddable":true,"href":"https:\/\/erasmus-esl.pt\/BussolaEstudantil\/wp-json\/wp\/v2\/tags?post=1266"}],"curies":[{"name":"wp","href":"https:\/\/api.w.org\/{rel}","templated":true}]}}